{"id":457772,"date":"2014-07-30T00:07:35","date_gmt":"2014-07-30T04:07:35","guid":{"rendered":"http:\/\/diarioelpopular.com\/?p=457772"},"modified":"2014-07-29T19:15:48","modified_gmt":"2014-07-29T23:15:48","slug":"acusado-de-tiroteo-en-elecciones-de-quebec-renuncio-a-audiencia-de-fianza","status":"publish","type":"post","link":"https:\/\/diarioelpopular.com\/index.php\/2014\/07\/30\/acusado-de-tiroteo-en-elecciones-de-quebec-renuncio-a-audiencia-de-fianza\/","title":{"rendered":"Acusado de tiroteo en elecciones de Quebec renunci\u00f3 a audiencia de fianza"},"content":{"rendered":"<div id=\"attachment_457773\" style=\"width: 570px\" class=\"wp-caption aligncenter\"><a href=\"https:\/\/diarioelpopular.com\/wp-content\/uploads\/2014\/07\/foto-1-breves-313.jpg\"><img loading=\"lazy\" decoding=\"async\" aria-describedby=\"caption-attachment-457773\" class=\"size-large wp-image-457773\" src=\"https:\/\/diarioelpopular.com\/wp-content\/uploads\/2014\/07\/foto-1-breves-313-560x315.jpg\" alt=\"Bain tambi\u00e9n enfrenta varios cargos por armas, as\u00ed como algunos relacionados con incendios provocados en el mismo incidente. \" width=\"560\" height=\"315\" \/><\/a><p id=\"caption-attachment-457773\" class=\"wp-caption-text\">Bain tambi\u00e9n enfrenta varios cargos por armas, as\u00ed como algunos relacionados con incendios provocados en el mismo incidente.<\/p><\/div>\n<p><strong><em>MONTREAL.-<\/em><\/strong> La audiencia de fianza para Richard Henry Bain, acusado por tiroteo en la noche electoral en Quebec en el 2012 ha sido cancelada.<\/p>\n<p>Una aplicaci\u00f3n de la fianza no fue presentada en nombre de Bain en el plazo establecido por el juez de la Corte Superior de Quebec, Guy Cournoyer.<\/p>\n<p>El fiscal de la Corona, Matthew Ferguson, dijo que el juez cancel\u00f3 formalmente la audiencia la semana pasada despu\u00e9s de recibir una carta del abogado de Bain, el 17 de julio, en la que anunciaba su renuncia a su derecho de libertad bajo fianza.<\/p>\n<p>Bain es acusado de asesinato en primer grado e intento de asesinato despu\u00e9s de un ataque en un club de Montreal el pasado 4 de septiembre de 2012, cuando Pauline Marois celebr\u00f3 la victoria electoral del Partido Qu\u00e9b\u00e9cois.<\/p>\n<p>El t\u00e9cnico de iluminaci\u00f3n, Denis Blanchette, fue fatalmente baleado y su colega, David Courage, result\u00f3 herido cuando estaban cerca de la entrada de Metropolis, donde Marois estaba dando su discurso.<\/p>\n<p>Bain tambi\u00e9n enfrenta varios cargos por armas, as\u00ed como algunos relacionados con incendios provocados en el mismo incidente.<\/p>\n<p>El caso ha sido aplazado hasta el 12 de septiembre, cuando se llevar\u00e1 a cabo una conferencia previa al juicio. El juicio de Bain se paut\u00f3 para enero de 2015.<\/p>\n","protected":false},"excerpt":{"rendered":"<p>La audiencia de fianza para Richard Henry Bain, acusado por tiroteo en la noche electoral en Quebec en el 2012 ha sido cancelada.<\/p>\n","protected":false},"author":5842,"featured_media":0,"comment_status":"open","ping_status":"open","sticky":false,"template":"","format":"standard","meta":{"footnotes":""},"categories":[21],"tags":[],"class_list":["post-457772","post","type-post","status-publish","format-standard","hentry","category-canada"],"_links":{"self":[{"href":"https:\/\/diarioelpopular.com\/index.php\/wp-json\/wp\/v2\/posts\/457772","targetHints":{"allow":["GET"]}}],"collection":[{"href":"https:\/\/diarioelpopular.com\/index.php\/wp-json\/wp\/v2\/posts"}],"about":[{"href":"https:\/\/diarioelpopular.com\/index.php\/wp-json\/wp\/v2\/types\/post"}],"author":[{"embeddable":true,"href":"https:\/\/diarioelpopular.com\/index.php\/wp-json\/wp\/v2\/users\/5842"}],"replies":[{"embeddable":true,"href":"https:\/\/diarioelpopular.com\/index.php\/wp-json\/wp\/v2\/comments?post=457772"}],"version-history":[{"count":1,"href":"https:\/\/diarioelpopular.com\/index.php\/wp-json\/wp\/v2\/posts\/457772\/revisions"}],"predecessor-version":[{"id":457774,"href":"https:\/\/diarioelpopular.com\/index.php\/wp-json\/wp\/v2\/posts\/457772\/revisions\/457774"}],"wp:attachment":[{"href":"https:\/\/diarioelpopular.com\/index.php\/wp-json\/wp\/v2\/media?parent=457772"}],"wp:term":[{"taxonomy":"category","embeddable":true,"href":"https:\/\/diarioelpopular.com\/index.php\/wp-json\/wp\/v2\/categories?post=457772"},{"taxonomy":"post_tag","embeddable":true,"href":"https:\/\/diarioelpopular.com\/index.php\/wp-json\/wp\/v2\/tags?post=457772"}],"curies":[{"name":"wp","href":"https:\/\/api.w.org\/{rel}","templated":true}]}}