{"id":457970,"date":"2014-08-15T00:02:49","date_gmt":"2014-08-15T04:02:49","guid":{"rendered":"http:\/\/diarioelpopular.com\/?p=457970"},"modified":"2014-08-14T19:42:28","modified_gmt":"2014-08-14T23:42:28","slug":"de-adicto-a-adicto-66","status":"publish","type":"post","link":"https:\/\/diarioelpopular.com\/index.php\/2014\/08\/15\/de-adicto-a-adicto-66\/","title":{"rendered":"De adicto a ADICTO"},"content":{"rendered":"<p><strong><a href=\"https:\/\/diarioelpopular.com\/wp-content\/uploads\/2014\/08\/WEB.Contemos-tambien-lo-bueno.jpg\"><img loading=\"lazy\" decoding=\"async\" class=\"aligncenter size-full wp-image-457971\" src=\"https:\/\/diarioelpopular.com\/wp-content\/uploads\/2014\/08\/WEB.Contemos-tambien-lo-bueno.jpg\" alt=\"WEB.Contemos-tambien-lo-bueno\" width=\"464\" height=\"595\" \/><\/a>Por Ernesto Salayandia Garc\u00eda<\/strong><\/p>\n<p><strong>La cultura de no valorar<\/strong><\/p>\n<p>Como padres, algunos cometemos el error de concentrar nuestra energ\u00eda\u00a0en el hijo problema, le dedicamos m\u00e1s tiempo y atenci\u00f3n al ni\u00f1o que anda mal en la escuela, por irreverente e ingobernable, estamos m\u00e1s cerca de \u00e9l en comparaci\u00f3n con el resto de los hijos, seguimos con lupa cada uno de sus pasos, nos la pasamos marc\u00e1ndolo, corrigi\u00e9ndolo, llam\u00e1ndole la atenci\u00f3n, incluso aplicando castigos y l\u00edmites para corregir sus patrones de conducta equivocados, mientras, que con el hijo o los hijos que saca buenas calificaciones, que cumplen con sus obligaciones,\u00a0\u00a0son responsables,\u00a0\u00a0no dan problema; no les damos tanta importancia a sus cosas, ni buscamos a detalle sus fallas, faltas y errores, total, damos por hecho que toda est\u00e1 bien y hasta se nos olvida reconocerles sus logros\u00a0en todos los sentidos y a veces, es injusto porque los descuidamos por estar al pendiente del hijo problema, por as\u00ed llamarlo, cierto es, que nadie nos ense\u00f1a a ser padres, que aprendemos sobre la marcha\u00a0\u00a0y de nuestros errores, sucede que con el tiempo, las metidas de pata, salen a relucir cuando los hijos, tienen serios problemas de pareja, laborales o econ\u00f3micos, cuando las drogas, hacen presa\u00a0<strong>f\u00e1cil de ellos y las heridas de su alma, jam\u00e1s fueron restauradas.<\/strong><\/p>\n<p><strong>\u00a0<\/strong><\/p>\n<p><strong>Se me olvid\u00f3 que te olvid\u00e9<\/strong><\/p>\n<p>Cuando tengo la oportunidad de escuchar a una pareja en conflicto, haz de cuenta que es un escaparate de quejas, ambos, destilan sus resentimientos, dici\u00e9ndose.- Es que me dice,\u00a0me hizo, es que me dijo, es que el a\u00f1o pasado me arruin\u00f3 una noche, es qu\u00e9 esto y es qu\u00e9 lo otro, me doy cuenta, de que nos olvidamos, me incluyo, y digo algunos, porque hay mucha\u00a0gente negada que no acepta ver sus errores, y dec\u00eda pues, que nos olvidamos\u00a0de valorar a la mujer, debido a que es m\u00e1s sencillo, ver sus errores y engrandecerlos, reproch\u00e1rselos, ech\u00e1rselos en la cara, fastidiarla, es mucho m\u00e1s sencillo, ver a detalle d\u00f3nde se equivoca, y sin duda, le doy\u00a0\u00a0m\u00e1s importancia a lo negativo, que a lo positivo, y claro, que cuando estoy en conflicto, sale a relucir todo lo malo, se me olvidan todas las virtudes de ese ser humano del que me enamor\u00e9, se me olvida, que es la madre de mis hijos, que ha estado conmigo en las buenas y en las malas, se me olvida tambi\u00e9n, que siempre ha estado cuando he ca\u00eddo a la cama o en alg\u00fan hospital, su apoyo es incondicional, permanente, toda la vida me lo ha demostrado, no recuerdo, cuando estoy enojado, de los momentos m\u00e1s felices de mi vida, que he pasado a su lado, solo, me dominan mis egos, mi mala vibra y me alejo de contar lo bueno de mi relaci\u00f3n de pareja. Lo negativo es un camino f\u00e1cil.<\/p>\n<p><strong>\u00a0<\/strong><\/p>\n<p><strong>Un mal manejo emocional<\/strong><\/p>\n<p>En el \u00e1mbito laboral, sucede mucho de esto, es decir, no reconocemos el\u00a0\u00a0esfuerzo de los dem\u00e1s, no valoramos el trabajo, ni la dedicaci\u00f3n, disciplina, entrega y acci\u00f3n de la mayor\u00eda de las personas, caemos en el juego de los chismes, las intrigas, la cr\u00edtica, los rumores y especulaciones, es, tal vez, m\u00e1s productivo, por favor l\u00e9ase entre comillas, sacarle la garra al de enfrente, levantar falsos, poner dedo y hablar a las espaldas, criticar hip\u00f3critamente y con dolo, impulsar las fuerzas destructivas de cualquier empresa o instituci\u00f3n, que reconocer con honestidad la integridad de una persona y esto es muy simple, es parte de una cultura mediocre, enana, somos dados, la mayor\u00eda,\u00a0\u00a0de los mexicanos, a descalificar, a devaluar, a denigrar, a dar una opini\u00f3n de sabiondo, de gran conocedor de pol\u00edtica econ\u00f3mica o cualquier otro tema, es triste, pero real, no tenemos la capacidad de dar un reconocimiento y si lo hacemos as\u00ed, es muy eficiente\u2026 PERO\u2026 Siempre hay un pelo en la sopa, siempre el pero por delante y si no reconocemos a nuestros hijos, en sus talentos y virtudes, a nuestra\u00a0\u00a0esposa,\u00a0\u00a0no tenemos la honestidad de reconocer lo bueno en nadie, y obedece tambi\u00e9n al vac\u00edo espiritual, a la carencia espiritual y\u00a0\u00a0la enfermedad emocional, que no es ofensa, pero s\u00ed un mal nacional y el que est\u00e9 libre de culpa, que arroje la primera piedra.<\/p>\n<p><strong>\u00a0<\/strong><\/p>\n<p><strong>El desprestigio, a todo lo que da<\/strong><\/p>\n<p>No todo el monte es de or\u00e9gano, ni todo lo que brilla es oro, otra de las distinciones de las caracter\u00edsticas de la mayor\u00eda de los mexicanos, es que generalizamos y un claro ejemplo, es la p\u00e9sima imagen que se le da a la suegra, en son de broma, en son de chiste sarc\u00e1stico, le hemos dado a la suegra, calificativos y descalificativos, en mi caso personal, mi gratitud y respeto hacia mi suegra, mi amor y mi reconocimiento como un ser humano extraordinario y mi mujer, en relaci\u00f3n a mi madre, siempre le tuvo un profundo amor y amistad, no caben, en ninguno de los dos, muchos de los comentarios que se vierten en contra de las suegras y as\u00ed, puedo reflexionar sobre infinidad de casos, como lo es el de los maestros y ahora que estoy en contacto con infinidad de escuelas, soy testigo, de la \u00e9tica, el profesionalismo, la entrega y gran responsabilidad\u00a0\u00a0de mentores que traen bien puestas las pilas, que ense\u00f1an con amor y con sentido com\u00fan, que trabajan con alegr\u00eda y dan lo mejor de s\u00ed mismo, puedo hablar de ello, porque me consta y me da gusto\u00a0\u00a0sentir la buena vibra, en el M\u00e9xico que todos queremos y merecemos, un M\u00e9xico din\u00e1mico, libre y de actitud positiva y es el que reina en un buen n\u00famero de escuelas primarias y secundarias, publicas y privadas.\u2019\u00a0<strong>Nadie debe escribir, como periodista, lo que como caballero no pueda decir.-<\/strong><\/p>\n<p><strong>\u00a0<\/strong><\/p>\n<p><strong>Hechos, son amores y no buenas razones<\/strong><\/p>\n<p>Tengo dos programas importantes dentro de \u00e9sta administraci\u00f3n municipal, la primera, desarrollo una acci\u00f3n\u00a0\u00a0de capacitaci\u00f3n emocional para toda\u00a0\u00a0la estructura humana, igual, que otros capacitadores como yo, tienen sus tareas con los servidores p\u00fablicos, y en a\u00f1os, en muchos a\u00f1os, la capacitaci\u00f3n en todos los sentidos, hab\u00eda brillado por su ausencia, la otra acci\u00f3n, tengo la satisfacci\u00f3n de recorrer escuelas primarias y secundarias, junto con otros adictos, alcoh\u00f3licos y profesionales de la salud, vamos a dar el mensaje de prevenci\u00f3n, orientaci\u00f3n, informaci\u00f3n y concientizaci\u00f3n a ni\u00f1os y ni\u00f1as,\u00a0ambas acciones, son por instrucciones del Alcalde de Chihuahua, Ing. Javier Garfio Pacheco, las dos labores, me permiten\u00a0el contacto humano y sembrar la semilla en el coraz\u00f3n de la gente, para impulsar una verdadera cultura de prevenci\u00f3n, por iniciativa del Ing. Garfio,\u00a0que bien vale la pena, comentarla y difundirla, simplemente porque son hechos palpables y de lo bueno que hay que contar, es mucho, pero mucho m\u00e1s que cualquier otro aspecto.- Gracias por leerme y m\u00e1s por escribirme.-\u00a0ernestosalayandia@gmail.com\u00a0\u00a0Mis libros est\u00e1n a la venta en los Centros Libreros la Prensa.- Visita mi p\u00e1gina\u00a0www.crisiscreces.com\u00a0Sigue la huella, Yo Pregunto, este mi\u00e9rcoles a las 14:30 horas, tiempo de Chihuahua, M\u00e9xico en\u00a0www.canal28.tv\u00a0\u00a0@teo_luna 614-410-0158.- Compartimiento en J\u00f3venes Guerreros, S\u00e1bado 16 de Agosto, 4 de la tarde, Auditorio Municipal con el tema El adicto, nace o se hace\u00ad.-<\/p>\n<p>&nbsp;<\/p>\n","protected":false},"excerpt":{"rendered":"<p>Contemos tambi\u00e9n lo bueno<\/p>\n","protected":false},"author":5842,"featured_media":0,"comment_status":"open","ping_status":"open","sticky":false,"template":"","format":"standard","meta":{"footnotes":""},"categories":[24],"tags":[],"class_list":["post-457970","post","type-post","status-publish","format-standard","hentry","category-mundo"],"_links":{"self":[{"href":"https:\/\/diarioelpopular.com\/index.php\/wp-json\/wp\/v2\/posts\/457970","targetHints":{"allow":["GET"]}}],"collection":[{"href":"https:\/\/diarioelpopular.com\/index.php\/wp-json\/wp\/v2\/posts"}],"about":[{"href":"https:\/\/diarioelpopular.com\/index.php\/wp-json\/wp\/v2\/types\/post"}],"author":[{"embeddable":true,"href":"https:\/\/diarioelpopular.com\/index.php\/wp-json\/wp\/v2\/users\/5842"}],"replies":[{"embeddable":true,"href":"https:\/\/diarioelpopular.com\/index.php\/wp-json\/wp\/v2\/comments?post=457970"}],"version-history":[{"count":1,"href":"https:\/\/diarioelpopular.com\/index.php\/wp-json\/wp\/v2\/posts\/457970\/revisions"}],"predecessor-version":[{"id":457972,"href":"https:\/\/diarioelpopular.com\/index.php\/wp-json\/wp\/v2\/posts\/457970\/revisions\/457972"}],"wp:attachment":[{"href":"https:\/\/diarioelpopular.com\/index.php\/wp-json\/wp\/v2\/media?parent=457970"}],"wp:term":[{"taxonomy":"category","embeddable":true,"href":"https:\/\/diarioelpopular.com\/index.php\/wp-json\/wp\/v2\/categories?post=457970"},{"taxonomy":"post_tag","embeddable":true,"href":"https:\/\/diarioelpopular.com\/index.php\/wp-json\/wp\/v2\/tags?post=457970"}],"curies":[{"name":"wp","href":"https:\/\/api.w.org\/{rel}","templated":true}]}}