{"id":458364,"date":"2014-09-12T00:05:25","date_gmt":"2014-09-12T04:05:25","guid":{"rendered":"http:\/\/diarioelpopular.com\/?p=458364"},"modified":"2014-09-11T19:56:07","modified_gmt":"2014-09-11T23:56:07","slug":"ndp-esta-listo-para-formar-un-gobierno-verdaderamente-progresista","status":"publish","type":"post","link":"https:\/\/diarioelpopular.com\/index.php\/2014\/09\/12\/ndp-esta-listo-para-formar-un-gobierno-verdaderamente-progresista\/","title":{"rendered":"NDP est\u00e1 listo para formar un gobierno verdaderamente progresista"},"content":{"rendered":"<div id=\"attachment_458365\" style=\"width: 570px\" class=\"wp-caption aligncenter\"><a href=\"https:\/\/diarioelpopular.com\/wp-content\/uploads\/2014\/09\/foto-1-nota-27.jpg\"><img loading=\"lazy\" decoding=\"async\" aria-describedby=\"caption-attachment-458365\" class=\"size-large wp-image-458365\" src=\"https:\/\/diarioelpopular.com\/wp-content\/uploads\/2014\/09\/foto-1-nota-27-560x361.jpg\" alt=\"Mulcair tambi\u00e9n se\u00f1al\u00f3 que en las \u00faltimas elecciones del 2011, el NDP obtuvo 103 esca\u00f1os y qued\u00f3 de segundo en otros con 107. \" width=\"560\" height=\"361\" \/><\/a><p id=\"caption-attachment-458365\" class=\"wp-caption-text\">Mulcair tambi\u00e9n se\u00f1al\u00f3 que en las \u00faltimas elecciones del 2011, el NDP obtuvo 103 esca\u00f1os y qued\u00f3 de segundo en otros con 107.<\/p><\/div>\n<p><strong><em>EDMONTON.-<\/em><\/strong> El l\u00edder de la oposici\u00f3n, Thomas Mulcair, se\u00f1al\u00f3 al actual gobierno conversador y al l\u00edder liberal, Justin Trudeau, en un discurso ante los diputados del NDP en la reuni\u00f3n del caucus anual del partido en Edmonton.<\/p>\n<p>&#8220;Lo siento, el trabajo de Primer Ministro no es cargo de nivel de entrada\u201d, dijo Mulcair al referirse a la preparaci\u00f3n de Trudeau &#8220;prepar\u00e1ndose&#8221; para el puesto.<\/p>\n<p>Mulcair tambi\u00e9n se\u00f1al\u00f3 que en las \u00faltimas elecciones del 2011, el NDP obtuvo 103 esca\u00f1os y qued\u00f3 de segundo en otros con 107.<\/p>\n<p>&#8220;Los Nuevos Dem\u00f3cratas podemos y vamos a derrotar a los conservadores&#8221;, dijo Mulcair.<\/p>\n<p>El NDP ha estado utilizando este caucus para prepararse para la elecci\u00f3n federal de 2015, diferenci\u00e1ndose de los liberales.<\/p>\n<p>Mulcair hizo todo lo posible para presentar los liberales y los conservadores como las dos caras de una misma moneda.<\/p>\n<p>&#8220;El l\u00edder afirm\u00f3 complacido de que en los \u00faltimos 30 a\u00f1os los liberales y los conservadores han tenido, en gran medida, una agenda compartida&#8221;, argument\u00f3.<\/p>\n<p>M\u00e1s all\u00e1 de sus cr\u00edticas a los conservadores, Mulcair eligi\u00f3 definir tres prioridades:<\/p>\n<p>&#8220;Nuevos dem\u00f3cratas est\u00e1n orgullosos de ser el \u00fanico partido comprometido con la calidad, con una vida asequible, con servicios de cuidado de ni\u00f1os accesibles\u201d, Mulcair dijo ante sus diputados en su discurso.<\/p>\n<p>Mulcair pasar\u00e1 mucho m\u00e1s tiempo sentado fuera de la C\u00e1mara de los Comunes en un intento de aumentar su popularidad entre los canadienses.<\/p>\n","protected":false},"excerpt":{"rendered":"<p>Thomas Mulcair atac\u00f3 tanto al Primer Ministro Stephen Harper como al liberal Justin Trudeau, frente a los diputados de la reuni\u00f3n de los nuevos dem\u00f3cratas.<\/p>\n","protected":false},"author":5842,"featured_media":0,"comment_status":"open","ping_status":"open","sticky":false,"template":"","format":"standard","meta":{"footnotes":""},"categories":[21],"tags":[],"class_list":["post-458364","post","type-post","status-publish","format-standard","hentry","category-canada"],"_links":{"self":[{"href":"https:\/\/diarioelpopular.com\/index.php\/wp-json\/wp\/v2\/posts\/458364","targetHints":{"allow":["GET"]}}],"collection":[{"href":"https:\/\/diarioelpopular.com\/index.php\/wp-json\/wp\/v2\/posts"}],"about":[{"href":"https:\/\/diarioelpopular.com\/index.php\/wp-json\/wp\/v2\/types\/post"}],"author":[{"embeddable":true,"href":"https:\/\/diarioelpopular.com\/index.php\/wp-json\/wp\/v2\/users\/5842"}],"replies":[{"embeddable":true,"href":"https:\/\/diarioelpopular.com\/index.php\/wp-json\/wp\/v2\/comments?post=458364"}],"version-history":[{"count":1,"href":"https:\/\/diarioelpopular.com\/index.php\/wp-json\/wp\/v2\/posts\/458364\/revisions"}],"predecessor-version":[{"id":458366,"href":"https:\/\/diarioelpopular.com\/index.php\/wp-json\/wp\/v2\/posts\/458364\/revisions\/458366"}],"wp:attachment":[{"href":"https:\/\/diarioelpopular.com\/index.php\/wp-json\/wp\/v2\/media?parent=458364"}],"wp:term":[{"taxonomy":"category","embeddable":true,"href":"https:\/\/diarioelpopular.com\/index.php\/wp-json\/wp\/v2\/categories?post=458364"},{"taxonomy":"post_tag","embeddable":true,"href":"https:\/\/diarioelpopular.com\/index.php\/wp-json\/wp\/v2\/tags?post=458364"}],"curies":[{"name":"wp","href":"https:\/\/api.w.org\/{rel}","templated":true}]}}