{"id":458513,"date":"2014-09-24T00:05:47","date_gmt":"2014-09-24T04:05:47","guid":{"rendered":"http:\/\/diarioelpopular.com\/?p=458513"},"modified":"2014-09-23T19:01:39","modified_gmt":"2014-09-23T23:01:39","slug":"ventas-minoristas-se-desplomaron-por-primera-vez-en-siete-meses","status":"publish","type":"post","link":"https:\/\/diarioelpopular.com\/index.php\/2014\/09\/24\/ventas-minoristas-se-desplomaron-por-primera-vez-en-siete-meses\/","title":{"rendered":"Ventas minoristas se desplomaron por primera vez en siete meses"},"content":{"rendered":"<div id=\"attachment_458514\" style=\"width: 570px\" class=\"wp-caption aligncenter\"><a href=\"https:\/\/diarioelpopular.com\/wp-content\/uploads\/2014\/09\/foto-1-nota-214.jpg\"><img loading=\"lazy\" decoding=\"async\" aria-describedby=\"caption-attachment-458514\" class=\"size-large wp-image-458514\" src=\"https:\/\/diarioelpopular.com\/wp-content\/uploads\/2014\/09\/foto-1-nota-214-560x420.jpg\" alt=\"Los ingresos en tiendas de vestir cayeron un 2,3 por ciento, $ 2,3 mil millones. \" width=\"560\" height=\"420\" \/><\/a><p id=\"caption-attachment-458514\" class=\"wp-caption-text\">Los ingresos en tiendas de vestir cayeron un 2,3 por ciento, $ 2,3 mil millones.<\/p><\/div>\n<p><strong><em>OTTAWA.-<\/em><\/strong> Las ventas minoristas disminuyeron 0,1 por ciento de $ 42,5 mil millones a $ 38,6 mil millones, de acuerdo con Estad\u00edsticas Canad\u00e1. El descenso coincidi\u00f3 con la estimaci\u00f3n m\u00e1s baja en una encuesta realizada por Bloomberg News entre 16 economistas, que emitieron un pron\u00f3stico promedio de aumento en 0,5 por ciento.<\/p>\n<p>El gasto minorista se mantuvo cerca del record del mes pasado, con un m\u00ednimo de $ 33.3 mil millones en diciembre de 2008, cuando el consumo futuro se podr\u00eda acoplar con cargas de deuda y el lento crecimiento del empleo en el \u00faltimo a\u00f1o.<\/p>\n<p>&#8220;Aunque el gasto contin\u00faa relacionado con la compra de autos, los canadienses no est\u00e1n utilizando sus nuevos coches para ir al centro comercial\u201d, dijo Nick Exarhos, Economista de CIBC World Markets.<\/p>\n<p>&#8220;Hemos notado c\u00f3mo los consumidores tomaron ventaja para no quedarse sin gasolina, manteniendo sus ahorros que se han reducido dr\u00e1sticamente en los \u00faltimos trimestres, y los datos de los minoristas en julio pueden ser una primera se\u00f1al de eso\u201d.<\/p>\n<p>Las ventas en las tiendas de mercanc\u00edas en general, que incluyen grandes almacenes y tiendas de descuentos, disminuyeron 2,7 por ciento coloc\u00e1ndose en $ 5,3 mil millones, mientras que los ingresos en accesorios de vestir y ropa tiendas cayeron un 2,3 por ciento, $ 2,3 mil millones.<\/p>\n<p>Las ventas de autos y repuestos subieron un 1,6 por ciento. Las compras con excepci\u00f3n de la categor\u00eda de veh\u00edculos de motor y partes cayeron 0,6 por ciento.<\/p>\n<p>Los datos recientes indican un aumento en la producci\u00f3n de autom\u00f3viles de Canad\u00e1. Un salto en las exportaciones del sector inclin\u00f3 la balanza comercial de mercanc\u00edas a su mayor super\u00e1vit en casi seis a\u00f1os en julio, seg\u00fan Estad\u00edsticas de Canad\u00e1.<\/p>\n<p>El Gobernador Adjunto Superior del Banco de Canad\u00e1, Carolyn Wilkins, reiter\u00f3 que la deuda alta de los hogares se mantiene en la parte superior de la lista de riesgos para la estabilidad financiera del pa\u00eds.<\/p>\n<p>La deuda de cr\u00e9dito en el mercado, tales como hipotecas, se elev\u00f3 a 163,6 por ciento de la renta disponible, una cifra de 163,1 por ciento en el primer trimestre, ofrecida por la agencia de estad\u00edsticas.<\/p>\n<p>El informe de julio, probablemente, representa un ajuste a las fuertes ventas en junio en lugar de un &#8220;marcado cambio en el tono del gasto de los consumidores&#8221;, dijo Mazen Issa en representaci\u00f3n de TD Securities.<\/p>\n<p>Las ventas bajaron en julio en 5 de 11 categor\u00edas que marcan el 55 por ciento de las ventas totales.<\/p>\n<p>&nbsp;<\/p>\n<p>Los minoristas, tradicionalmente asociados a la compra de vivienda y remodelaci\u00f3n de viviendas, continuaron mostrando fuerza en julio, con alza en las ventas de muebles en 4,0 por ciento alcanzando $ 1,4 mil millones.<\/p>\n<p>El aumento en las ventas minoristas junio se ubic\u00f3 en 1,2 por ciento, en comparaci\u00f3n con una lectura anterior de 1,1 por ciento.<\/p>\n<p>Para Estad\u00edsticas Canad\u00e1, el volumen de ventas fue variando paulatinamente. Esta medida excluye los efectos de los cambios de precios y m\u00e1s estrechamente refleja la contribuci\u00f3n de la industria al crecimiento econ\u00f3mico.<\/p>\n<p>Las ventas en julio fueron 5,0 por ciento m\u00e1s que el a\u00f1o anterior, inform\u00f3 la agencia.<\/p>\n<p>Foto 1 nota 2 pag 4<\/p>\n<p>Los ingresos en tiendas de vestir cayeron un 2,3 por ciento, $ 2,3 mil millones.<\/p>\n<p>&nbsp;<\/p>\n","protected":false},"excerpt":{"rendered":"<p>Las ventas canadienses de mercanc\u00edas, que agrupan grandes almacenes y tiendas de descuentos, cayeron inesperadamente en julio, disminuyeron en 2,7 por ciento lo que representa $ 5,3 mil millones.<\/p>\n","protected":false},"author":5842,"featured_media":0,"comment_status":"open","ping_status":"open","sticky":false,"template":"","format":"standard","meta":{"footnotes":""},"categories":[21],"tags":[],"class_list":["post-458513","post","type-post","status-publish","format-standard","hentry","category-canada"],"_links":{"self":[{"href":"https:\/\/diarioelpopular.com\/index.php\/wp-json\/wp\/v2\/posts\/458513","targetHints":{"allow":["GET"]}}],"collection":[{"href":"https:\/\/diarioelpopular.com\/index.php\/wp-json\/wp\/v2\/posts"}],"about":[{"href":"https:\/\/diarioelpopular.com\/index.php\/wp-json\/wp\/v2\/types\/post"}],"author":[{"embeddable":true,"href":"https:\/\/diarioelpopular.com\/index.php\/wp-json\/wp\/v2\/users\/5842"}],"replies":[{"embeddable":true,"href":"https:\/\/diarioelpopular.com\/index.php\/wp-json\/wp\/v2\/comments?post=458513"}],"version-history":[{"count":1,"href":"https:\/\/diarioelpopular.com\/index.php\/wp-json\/wp\/v2\/posts\/458513\/revisions"}],"predecessor-version":[{"id":458515,"href":"https:\/\/diarioelpopular.com\/index.php\/wp-json\/wp\/v2\/posts\/458513\/revisions\/458515"}],"wp:attachment":[{"href":"https:\/\/diarioelpopular.com\/index.php\/wp-json\/wp\/v2\/media?parent=458513"}],"wp:term":[{"taxonomy":"category","embeddable":true,"href":"https:\/\/diarioelpopular.com\/index.php\/wp-json\/wp\/v2\/categories?post=458513"},{"taxonomy":"post_tag","embeddable":true,"href":"https:\/\/diarioelpopular.com\/index.php\/wp-json\/wp\/v2\/tags?post=458513"}],"curies":[{"name":"wp","href":"https:\/\/api.w.org\/{rel}","templated":true}]}}