{"id":458525,"date":"2014-09-26T00:02:25","date_gmt":"2014-09-26T04:02:25","guid":{"rendered":"http:\/\/diarioelpopular.com\/?p=458525"},"modified":"2014-09-25T18:49:53","modified_gmt":"2014-09-25T22:49:53","slug":"de-adicto-a-adicto-72","status":"publish","type":"post","link":"https:\/\/diarioelpopular.com\/index.php\/2014\/09\/26\/de-adicto-a-adicto-72\/","title":{"rendered":"De Adicto a ADICTO"},"content":{"rendered":"<p><strong><a href=\"https:\/\/diarioelpopular.com\/wp-content\/uploads\/2014\/09\/web.La-Actitud-es-un-reflejo-1.jpg\"><img loading=\"lazy\" decoding=\"async\" class=\"aligncenter size-full wp-image-458526\" src=\"https:\/\/diarioelpopular.com\/wp-content\/uploads\/2014\/09\/web.La-Actitud-es-un-reflejo-1.jpg\" alt=\"web.La-Actitud-es-un-reflejo-1\" width=\"468\" height=\"509\" \/><\/a>Por Ernesto Salayandia Garc\u00eda<\/strong><\/p>\n<p><strong>Miserias espirituales<\/strong><\/p>\n<p>Me encuentro en este momento, frente al monumento del \u00c1ngel de la ciudad de M\u00e9xico, que no es \u00e1ngel, sino \u00c1ngela, disfrutando de una ma\u00f1ana muy agradable, est\u00e1 nublada, el tr\u00e1fico muy tranquilo, es medio d\u00eda y estoy estructurando la idea para escribir este art\u00edculo para la edici\u00f3n de julio de la revista Armon\u00eda. Junto a m\u00ed, est\u00e1n mis cosas de viaje, regreso de un hermoso lugar, Juriquilla en Quer\u00e9taro, M\u00e9xico, fui a dar un taller de capacitaci\u00f3n emocional, ah\u00ed est\u00e1 mi porta trajes, una maleta, una bolsa con disfraces inflables, el estuche de mi laptop, el porta discos y una caja de libros, que no se vendieron, estoy esperando que vengan por m\u00ed. En menos de media hora, se han acercado dos polic\u00edas a preguntarme si estoy vendiendo mis libros, debido a que la caja est\u00e1 descubierta, la actitud de ellos es de intimidaci\u00f3n, agresiva y seca, la m\u00eda en cambio, es cordial.- No se\u00f1or, no vendo libros, solo que no encontr\u00e9 cinta para cerrar la caja.- Pues h\u00e1game el favor de taparla con algo, las personas van a pensar que usted est\u00e1 vendiendo libros y eso est\u00e1 prohibido, y m\u00e1s aqu\u00ed en el Paseo de la Reforma. \u00bfLa tapo o no la tapo? \u2013 Pens\u00e9 de inmediato, luego me le qued\u00e9 viendo fijamente al tipo, me puse de pie y le dije.- No la voy a tapar.- El guardi\u00e1n del orden, con la formalidad que los caracteriza, agresivamente me sentenci\u00f3.- Si lo cachamos vendiendo libros, lo vamos a remitir a la Delegaci\u00f3n a que se arregle con el juez calificador.- Volv\u00ed a sonre\u00edr.- y respond\u00ed, gracias oficial, tomar\u00e9 en cuenta su sugerencia.<\/p>\n<p>&nbsp;<\/p>\n<p><strong>Recordar es volver a vivir<\/strong><\/p>\n<p>Yo conviv\u00ed por casi tres a\u00f1os en \u00e9sta zona, ten\u00eda mi estudio frente al monumento a La Diana, y hac\u00eda din\u00e1micas con las personas que me hicieron el favor de tomar mi taller de Comunicaci\u00f3n Asertiva, y tambi\u00e9n realizaba din\u00e1micas en la calle para que quienes las tomaban, perdieran los miedos, igual para generar humildad, tener un cambio de actitud y usar las t\u00e9cnicas de expresi\u00f3n facial, oral y corporal. Los objetivos se cumplen cuando las personas se enfrentan a s\u00ed mismas, y eso hac\u00edamos, demostrarles que detr\u00e1s del miedo no hay nada, que s\u00ed se puede. Las din\u00e1micas eran muy divertidas, como el limpiar los parabrisas de los autos, haciendo m\u00edmica y pidiendo la ayuda econ\u00f3mica, junt\u00e1bamos un buen dinero en poco tiempo, tambi\u00e9n los pon\u00eda a vender objetos chuscos y llamativos, igual a hablar con las personas, y nos met\u00edamos al metro, los sub\u00eda a los camiones y a las micros, hablaban en p\u00fablico, en las escaleras del metro y muchas cosas m\u00e1s. Los polic\u00edas ya nos conoc\u00edan, en aquella \u00e9poca, al igual que los vendedores de productos, los cholos, los voceadores, los taxistas y medio mundo. Ten\u00edamos permiso para ello, igual para hacer din\u00e1micas en el metro, y cuando se acercaban los polic\u00edas, yo dejaba que ellos sembraran miedo en mis alumnos, incluso, a veces yo mismo provocaba la agresividad y el abuso de autoridad, para intimidar al grupo, luego, les tapaba la boca con el oficio en la mano, no le hac\u00edamos ning\u00fan da\u00f1o a nadie. Despu\u00e9s de las din\u00e1micas, la actitud cambiaba. Cambia todo aquel que quiere cambiar, uno lo que hace es compartir y generar experiencias y conocimientos, claves para vencer los miedos, romper con el clich\u00e9 del mediocre.<\/p>\n<p><strong>\u00a0<\/strong><\/p>\n<p><strong>Sobrada Soberbia<\/strong><\/p>\n<p>El oficial me regal\u00f3 mucho con su actitud, y pude comenzar a escribir al respecto. La actitud positiva es una gran virtud, sin duda es el picaporte del \u00e9xito para cualquier persona, y yo debo de reflexionar constantemente al respecto, sobre mis actitudes ante los dem\u00e1s y sobre todo, ante las circunstancias. Una actitud negativa, se manifiesta en la expresi\u00f3n corporal de la persona, por ejemplo, cuando le pides un favor a alguien y la respuesta inmediata es encorvar el cuerpo, aunque no te digan nada con la voz, si te lo dicen con el cuerpo y la cara, igual en la manera en que te miran, en c\u00f3mo se mueven, la respuesta es tan obvia, que mejor les dicen, no muchas gracias. Es muy molesto, c\u00f3mo algunas personas te hacen sentir mal, te muestran una cara de \u201cfuchi\u201d, de pocos amigos, su cuerpo est\u00e1 r\u00edgido, tenso, est\u00e1tico y el mal humor les sale hasta por los poros, pero lo m\u00e1s raro del caso, y lo m\u00e1s incongruente, es que te topas con este tipo de mensajeros en todas partes, en los restaurantes, parece que el mesero o la mesera, quiere que te vayas a otro lugar, igual en las tiendas de comida r\u00e1pida, te hablan demasiado aprisa, no se les entiende \u201cni papa\u201d, se molestan cuando les dices.- Disculpa, \u00bfc\u00f3mo dijiste? As\u00ed tambi\u00e9n en los bancos, muchas cajeras tienen cara de que no les ha tocado \u201caquello con aquellos\u201d en muchos meses, destilan amargura, tristeza, enojo, ira reprimida, y qu\u00e9 decir de los funcionarios bancarios, vestidos de negro, serios, secos, tan inexpresivos, que parecen m\u00e1s bien empleados de funeraria. Por tu atenci\u00f3n, muchas gracias.- <a href=\"mailto:ernestosalayandia@gmail.com\">ernestosalayandia@gmail.com<\/a>. Sigue la huella. <a href=\"http:\/\/www.canal28.tv\">www.canal28.tv<\/a> todos los mi\u00e9rcoles a las 14:30 hora de Chihuahua, Chihuahua, M\u00e9xico, jueves y s\u00e1bado, a las 11 de la ma\u00f1ana. @teo_luna Mis libros est\u00e1n a la venta en El Centro Librero La Prensa de Chihuahua, Chih. Visita mi p\u00e1gina virtual www.crisiscreces.com<\/p>\n<p>&nbsp;<\/p>\n","protected":false},"excerpt":{"rendered":"<p>La Actitud es un Reflejo<\/p>\n","protected":false},"author":5842,"featured_media":0,"comment_status":"open","ping_status":"open","sticky":false,"template":"","format":"standard","meta":{"footnotes":""},"categories":[24],"tags":[],"class_list":["post-458525","post","type-post","status-publish","format-standard","hentry","category-mundo"],"_links":{"self":[{"href":"https:\/\/diarioelpopular.com\/index.php\/wp-json\/wp\/v2\/posts\/458525","targetHints":{"allow":["GET"]}}],"collection":[{"href":"https:\/\/diarioelpopular.com\/index.php\/wp-json\/wp\/v2\/posts"}],"about":[{"href":"https:\/\/diarioelpopular.com\/index.php\/wp-json\/wp\/v2\/types\/post"}],"author":[{"embeddable":true,"href":"https:\/\/diarioelpopular.com\/index.php\/wp-json\/wp\/v2\/users\/5842"}],"replies":[{"embeddable":true,"href":"https:\/\/diarioelpopular.com\/index.php\/wp-json\/wp\/v2\/comments?post=458525"}],"version-history":[{"count":1,"href":"https:\/\/diarioelpopular.com\/index.php\/wp-json\/wp\/v2\/posts\/458525\/revisions"}],"predecessor-version":[{"id":458527,"href":"https:\/\/diarioelpopular.com\/index.php\/wp-json\/wp\/v2\/posts\/458525\/revisions\/458527"}],"wp:attachment":[{"href":"https:\/\/diarioelpopular.com\/index.php\/wp-json\/wp\/v2\/media?parent=458525"}],"wp:term":[{"taxonomy":"category","embeddable":true,"href":"https:\/\/diarioelpopular.com\/index.php\/wp-json\/wp\/v2\/categories?post=458525"},{"taxonomy":"post_tag","embeddable":true,"href":"https:\/\/diarioelpopular.com\/index.php\/wp-json\/wp\/v2\/tags?post=458525"}],"curies":[{"name":"wp","href":"https:\/\/api.w.org\/{rel}","templated":true}]}}