{"id":458585,"date":"2014-10-01T00:05:44","date_gmt":"2014-10-01T04:05:44","guid":{"rendered":"http:\/\/diarioelpopular.com\/?p=458585"},"modified":"2014-10-09T21:28:06","modified_gmt":"2014-10-10T01:28:06","slug":"economia-canadiense-se-desplomo-inesperadamente-luego-de-6-meses-de-crecimiento","status":"publish","type":"post","link":"https:\/\/diarioelpopular.com\/index.php\/2014\/10\/01\/economia-canadiense-se-desplomo-inesperadamente-luego-de-6-meses-de-crecimiento\/","title":{"rendered":"Econom\u00eda canadiense se desplom\u00f3 inesperadamente luego de 6 meses de crecimiento"},"content":{"rendered":"<div id=\"attachment_458586\" style=\"width: 570px\" class=\"wp-caption aligncenter\"><a href=\"https:\/\/diarioelpopular.com\/wp-content\/uploads\/2014\/09\/foto-1-nota-116.jpg\"><img loading=\"lazy\" decoding=\"async\" aria-describedby=\"caption-attachment-458586\" class=\"size-large wp-image-458586\" src=\"https:\/\/diarioelpopular.com\/wp-content\/uploads\/2014\/09\/foto-1-nota-116-560x373.jpg\" alt=\"La explotaci\u00f3n de yacimientos, petr\u00f3leo y gas cayeron 1,5 por ciento. \" width=\"560\" height=\"373\" \/><\/a><p id=\"caption-attachment-458586\" class=\"wp-caption-text\">La explotaci\u00f3n de yacimientos, petr\u00f3leo y gas cayeron 1,5 por ciento.<\/p><\/div>\n<p><strong><em>OTTAWA.-<\/em> <\/strong>El crecimiento econ\u00f3mico en Canad\u00e1 se estanc\u00f3 inesperadamente en el mes de julio, rompiendo una tendencia de seis meses de ganancias consecutivas y la garant\u00eda del Banco de Canad\u00e1 de elevar las tasas de inter\u00e9s.<\/p>\n<p>Estad\u00edsticas Canad\u00e1 anunci\u00f3 que el producto interno bruto real se mantuvo sin cambios a partir de junio. Los analistas del mercado esperaban un avance del 0,2 por ciento.<\/p>\n<p>El Banco de Canad\u00e1, que ha mantenido su tasa clave en un m\u00ednimo del 1,0 por ciento en niveles casi r\u00e9cord de m\u00e1s de cuatro a\u00f1os, resalt\u00f3 que no existe la posibilidad de un aumento hasta que surjan se\u00f1ales de una recuperaci\u00f3n econ\u00f3mica sostenida.<\/p>\n<p>Entre las categor\u00edas econ\u00f3micas analizadas por Estad\u00edsticas Canad\u00e1 se citan: miner\u00eda, explotaci\u00f3n de yacimientos, petr\u00f3leo y gas, las cuales cayeron 1,5 por ciento.<\/p>\n<p>Las utilidades disminuyeron un 2,3 por ciento sobre una menor demanda de electricidad y gas natural en medio de temperaturas m\u00e1s fr\u00edas de las habituales en algunas regiones.<\/p>\n<p>&#8220;Despu\u00e9s de un crecimiento en alza durante los seis meses anteriores, registr\u00e1ndose un crecimiento promedio de 0,3 por ciento por mes, 3,4 por ciento anualizado, la econom\u00eda canadiense se desplom\u00f3 vertiginosamente en julio&#8221;, dijo Doug Porter, Economista Jefe de Mercado Capital de BMO.<\/p>\n<p>En julio, la producci\u00f3n manufacturera creci\u00f3 un 1,0 por ciento desde junio en la mayor\u00eda de los sectores. El sector p\u00fablico se increment\u00f3 en un 0,5 por ciento.<\/p>\n<p>Un sondeo de Reuters a finales de agosto mostr\u00f3 que la mayor\u00eda de los operadores del mercado no esperaban que el Banco de Canad\u00e1 elevara las tasas hasta el segundo semestre del pr\u00f3ximo a\u00f1o.<\/p>\n<p>Los analistas esperaban cifras del PIB m\u00e1s fuertes en agosto, justificando que el efecto moderador de las temperaturas m\u00e1s bajas en julio probablemente haya sido un hecho aislado.<\/p>\n<p>David Madani, Economista de Capital Economics en Toronto, dijo que los datos de julio sugieren que la econom\u00eda tuvo el impulso subyacente menor en el inicio de este trimestre que la mayor\u00eda hab\u00eda esperado.<\/p>\n<p>&#8220;En consecuencia, esto refuerza nuestra opini\u00f3n de que el Banco de Canad\u00e1 no tendr\u00e1 ninguna prisa en aumentar los tipos de inter\u00e9s en el corto plazo&#8221;, explic\u00f3.<\/p>\n<p>Agreg\u00f3 que los precios al productor de Estad\u00edsticas Canad\u00e1 aumentaron un 0,2 por ciento en agosto respecto a julio frente a la debilidad del d\u00f3lar canadiense que impuls\u00f3 los precios de los veh\u00edculos motorizados y recreativos.<\/p>\n<p>En cuanto a los precios de las materias primas, cayeron un 2,2 por ciento en agosto con respecto a julio. Asimismo, se produjo una ca\u00edda del 3,3 por ciento en los precios de los productos energ\u00e9ticos crudo.<\/p>\n","protected":false},"excerpt":{"rendered":"<p>La situaci\u00f3n rompe la tendencia de recuperaci\u00f3n econ\u00f3mica sostenida, con retrocesos en los sectores de miner\u00eda, extracci\u00f3n de petr\u00f3leo y gas, seg\u00fan Estad\u00edsticas Canad\u00e1.<\/p>\n","protected":false},"author":5842,"featured_media":0,"comment_status":"open","ping_status":"open","sticky":false,"template":"","format":"standard","meta":{"footnotes":""},"categories":[21],"tags":[],"class_list":["post-458585","post","type-post","status-publish","format-standard","hentry","category-canada"],"_links":{"self":[{"href":"https:\/\/diarioelpopular.com\/index.php\/wp-json\/wp\/v2\/posts\/458585","targetHints":{"allow":["GET"]}}],"collection":[{"href":"https:\/\/diarioelpopular.com\/index.php\/wp-json\/wp\/v2\/posts"}],"about":[{"href":"https:\/\/diarioelpopular.com\/index.php\/wp-json\/wp\/v2\/types\/post"}],"author":[{"embeddable":true,"href":"https:\/\/diarioelpopular.com\/index.php\/wp-json\/wp\/v2\/users\/5842"}],"replies":[{"embeddable":true,"href":"https:\/\/diarioelpopular.com\/index.php\/wp-json\/wp\/v2\/comments?post=458585"}],"version-history":[{"count":1,"href":"https:\/\/diarioelpopular.com\/index.php\/wp-json\/wp\/v2\/posts\/458585\/revisions"}],"predecessor-version":[{"id":458587,"href":"https:\/\/diarioelpopular.com\/index.php\/wp-json\/wp\/v2\/posts\/458585\/revisions\/458587"}],"wp:attachment":[{"href":"https:\/\/diarioelpopular.com\/index.php\/wp-json\/wp\/v2\/media?parent=458585"}],"wp:term":[{"taxonomy":"category","embeddable":true,"href":"https:\/\/diarioelpopular.com\/index.php\/wp-json\/wp\/v2\/categories?post=458585"},{"taxonomy":"post_tag","embeddable":true,"href":"https:\/\/diarioelpopular.com\/index.php\/wp-json\/wp\/v2\/tags?post=458585"}],"curies":[{"name":"wp","href":"https:\/\/api.w.org\/{rel}","templated":true}]}}