{"id":458626,"date":"2014-10-03T00:05:56","date_gmt":"2014-10-03T04:05:56","guid":{"rendered":"http:\/\/diarioelpopular.com\/?p=458626"},"modified":"2014-10-02T19:23:30","modified_gmt":"2014-10-02T23:23:30","slug":"deficit-se-proyecta-en-5-2-mil-millones-en-lugar-de-16-6","status":"publish","type":"post","link":"https:\/\/diarioelpopular.com\/index.php\/2014\/10\/03\/deficit-se-proyecta-en-5-2-mil-millones-en-lugar-de-16-6\/","title":{"rendered":"D\u00e9ficit se proyecta en $ 5.2 mil millones en lugar de $ 16.6"},"content":{"rendered":"<div id=\"attachment_458627\" style=\"width: 570px\" class=\"wp-caption aligncenter\"><a href=\"https:\/\/diarioelpopular.com\/wp-content\/uploads\/2014\/10\/foto-1-nota-21.jpg\"><img loading=\"lazy\" decoding=\"async\" aria-describedby=\"caption-attachment-458627\" class=\"size-large wp-image-458627\" src=\"https:\/\/diarioelpopular.com\/wp-content\/uploads\/2014\/10\/foto-1-nota-21-560x361.jpg\" alt=\"El Primer Ministro, Stephen Harper, durante una sesi\u00f3n con empresarios en Brampton. Foto Cortes\u00eda The Canadian Press. \" width=\"560\" height=\"361\" \/><\/a><p id=\"caption-attachment-458627\" class=\"wp-caption-text\">El Primer Ministro, Stephen Harper, durante una sesi\u00f3n con empresarios en Brampton. Foto Cortes\u00eda The Canadian Press.<\/p><\/div>\n<p><strong><em>BRAMPTON,<\/em> <\/strong>Ontario.- Se espera que el d\u00e9ficit federal para el a\u00f1o fiscal se ubique en $ 5.2 mil millones, una cifra muy por debajo de las previsiones anteriores, de acuerdo con el Primer Ministro Stephen Harper.<\/p>\n<p>El gobierno hab\u00eda proyectado un d\u00e9ficit de $ 16.6 mil millones para el 2013-1014 en el \u00faltimo presupuesto, pero se espera que sea alrededor de un tercio de eso, dijo Harper ante los miembros de las c\u00e1maras de comercios de Mississauga y Brampton, reunidos en una sesi\u00f3n de preguntas-respuestas.<\/p>\n<p>&#8220;Este a\u00f1o, el gobierno no tiene ning\u00fan plan o intenci\u00f3n de pasar a un super\u00e1vit&#8221;, dijo Harper.<\/p>\n<p>&#8220;Seguimos con la intenci\u00f3n de ejecutar un peque\u00f1o d\u00e9ficit, este a\u00f1o, antes de volver al super\u00e1vit&#8221;.<\/p>\n<p>El resto de las cifras se mantienen sin cambios en las estimaciones realizadas en el presupuesto de febrero.<\/p>\n<p>\u201cUn d\u00e9ficit de $ 2.9 mil millones en el a\u00f1o fiscal 2014-2015 desde abril hasta marzo pr\u00f3ximo para avanzar hacia un excedente $ 6.4 mil millones el a\u00f1o siguiente\u201d, explic\u00f3.<\/p>\n<p>El Primer Ministro apunt\u00f3 que varios actores jugaron un papel significativo en la mejora de este a\u00f1o, pero no ofreci\u00f3 detalles.<\/p>\n<p>Expertos comentaron que se trata de una feliz coincidencia para los conservadores, que se encuentran en las buenas con un excedente justo antes de las elecciones federales, que se celebrar\u00e1 en octubre de 2015.<\/p>\n<p>Harper dijo que los conservadores tienen la intenci\u00f3n de &#8220;actuar con rapidez para poner en pr\u00e1ctica las promesas que hemos hecho a los canadienses en la \u00faltima elecci\u00f3n\u201d.<\/p>\n<p>En ese sentido, anunci\u00f3 la expansi\u00f3n de ingresos para las parejas con hijos que fue anunciada durante la campa\u00f1a de 2011, pero estaba supeditada a que el gobierno cuadrara las cuentas.<\/p>\n<p>Harper dijo que su partido no se centra en reducir el d\u00e9ficit mediante la reducci\u00f3n de las transferencias a las provincias y territorios, sino controlando el gasto directo de los programas, que seg\u00fan dijo ha sido plano o en declive en la mayor\u00eda de los departamentos federales.<\/p>\n","protected":false},"excerpt":{"rendered":"<p>El Primer Ministro espera que la deuda federal se ubique en un tercio de lo anunciado para el a\u00f1o fiscal 2013-2014.<\/p>\n","protected":false},"author":5842,"featured_media":0,"comment_status":"open","ping_status":"open","sticky":false,"template":"","format":"standard","meta":{"footnotes":""},"categories":[21],"tags":[],"class_list":["post-458626","post","type-post","status-publish","format-standard","hentry","category-canada"],"_links":{"self":[{"href":"https:\/\/diarioelpopular.com\/index.php\/wp-json\/wp\/v2\/posts\/458626","targetHints":{"allow":["GET"]}}],"collection":[{"href":"https:\/\/diarioelpopular.com\/index.php\/wp-json\/wp\/v2\/posts"}],"about":[{"href":"https:\/\/diarioelpopular.com\/index.php\/wp-json\/wp\/v2\/types\/post"}],"author":[{"embeddable":true,"href":"https:\/\/diarioelpopular.com\/index.php\/wp-json\/wp\/v2\/users\/5842"}],"replies":[{"embeddable":true,"href":"https:\/\/diarioelpopular.com\/index.php\/wp-json\/wp\/v2\/comments?post=458626"}],"version-history":[{"count":1,"href":"https:\/\/diarioelpopular.com\/index.php\/wp-json\/wp\/v2\/posts\/458626\/revisions"}],"predecessor-version":[{"id":458628,"href":"https:\/\/diarioelpopular.com\/index.php\/wp-json\/wp\/v2\/posts\/458626\/revisions\/458628"}],"wp:attachment":[{"href":"https:\/\/diarioelpopular.com\/index.php\/wp-json\/wp\/v2\/media?parent=458626"}],"wp:term":[{"taxonomy":"category","embeddable":true,"href":"https:\/\/diarioelpopular.com\/index.php\/wp-json\/wp\/v2\/categories?post=458626"},{"taxonomy":"post_tag","embeddable":true,"href":"https:\/\/diarioelpopular.com\/index.php\/wp-json\/wp\/v2\/tags?post=458626"}],"curies":[{"name":"wp","href":"https:\/\/api.w.org\/{rel}","templated":true}]}}