{"id":458629,"date":"2014-10-03T00:06:33","date_gmt":"2014-10-03T04:06:33","guid":{"rendered":"http:\/\/diarioelpopular.com\/?p=458629"},"modified":"2014-10-02T19:29:52","modified_gmt":"2014-10-02T23:29:52","slug":"aracely-arambula","status":"publish","type":"post","link":"https:\/\/diarioelpopular.com\/index.php\/2014\/10\/03\/aracely-arambula\/","title":{"rendered":"Aracely Ar\u00e1mbula"},"content":{"rendered":"<p><a href=\"https:\/\/diarioelpopular.com\/wp-content\/uploads\/2014\/10\/Aracely-1.jpg\"><img loading=\"lazy\" decoding=\"async\" class=\"aligncenter size-full wp-image-458630\" src=\"https:\/\/diarioelpopular.com\/wp-content\/uploads\/2014\/10\/Aracely-1.jpg\" alt=\"Aracely # 1\" width=\"471\" height=\"719\" \/><\/a>En su regreso a la pantalla chica, tras haber encarnado aGabriela Suarez en la novela de Telemundo \u2018La Patrona\u2019, la actriz AracelyAr\u00e1mbula reconoci\u00f3 que esa fue una historia muy importante para ella, un personaje que se qued\u00f3 muy arraigado con la imagen que tuvo varias facetas.<\/p>\n<p>La \u2018Chule\u2019, quien ahora es la protagonista de la telenovela Los Miserables con el personaje Luc\u00eda \u201cLucha\u201d Dur\u00e1n,al respecto coment\u00f3: \u201cEl prop\u00f3sito de mi personaje, dentro de la novela, es buscar y demostrar su libertad. Que sepan que Lucia no es culpable absolutamente de nada, por el contrario, ha sido v\u00edctima de la envidia de la familia y de toda la gente que se cruza en su camino, hasta de su propia hermana\u201d.<\/p>\n<p>Y como Lucha Dur\u00e1n agreg\u00f3: &#8220;Ser\u00e9 la mam\u00e1 de Roxanita, esa es la debilidad de mi personaje, definitivamente, mi hija. Lucia quiere a buscar a toda costa lo que sea su felicidad y lucha por tener la oportunidad de ser madre, ya que perdi\u00f3 ese gran sue\u00f1o 11 a\u00f1os atr\u00e1s. Pero esta vez va a luchar much\u00edsimo por ser feliz y ser madre para darle lo mejor a su hija\u201d.<a href=\"https:\/\/diarioelpopular.com\/wp-content\/uploads\/2014\/10\/Aracely-2.jpg\"><img loading=\"lazy\" decoding=\"async\" class=\"aligncenter size-full wp-image-458631\" src=\"https:\/\/diarioelpopular.com\/wp-content\/uploads\/2014\/10\/Aracely-2.jpg\" alt=\"Aracely # 2\" width=\"471\" height=\"719\" \/><\/a><\/p>\n<p>Es que Aracely sabe hacer cosas distintas como parte de los retos que se impone.<\/p>\n<p>\u201cCaracterizar mi personaje no fue nada f\u00e1cil, es un reto muy grande ser una \u2018miserable\u2019 y van a ver muchos cambios que vamos a tratar de hacer. Ahora s\u00ed que su nombre es Lucia, pero como tambi\u00e9n es una luchadora, y su mismo nombre lo dice, lucha por la libertad\u201d.<\/p>\n<p>La tambi\u00e9n cantante explic\u00f3 adem\u00e1s que lo que m\u00e1s le atrajo de este proyecto fue el poder conocer una historia maravillosa.<\/p>\n<p>\u201cCuando me la propusieron fue algo muy especial porque est\u00e1bamos en Cannes presentando la novela La Patrona y aprovechamos para presentar esta nueva telenovela. Creo que mucha gente conoce la historia y pienso que todos estamos esperando verla. Estar 11 a\u00f1os en una c\u00e1rcel norteamericana acusada de complicidad en un delito que no cometi\u00f3, duele\u201d.<a href=\"https:\/\/diarioelpopular.com\/wp-content\/uploads\/2014\/10\/ErikyAracely-3.jpg\"><img loading=\"lazy\" decoding=\"async\" class=\"aligncenter size-full wp-image-458632\" src=\"https:\/\/diarioelpopular.com\/wp-content\/uploads\/2014\/10\/ErikyAracely-3.jpg\" alt=\"ErikyAracely # 3\" width=\"471\" height=\"719\" \/><\/a><\/p>\n<p>En el amor le tocar\u00e1 jugar un juego de ajedrez, de verdades y mentiras, todo con el hombre que le devolver\u00e1 la esperanza en el amor, Daniel Ponce (Erik Hayser), a quien amar\u00e1 como nunca antes lo hab\u00eda hecho.<\/p>\n<p>\u201cEl amor para mi personaje es algo fundamental y muy importante. Esa persona de quien se enamora la Lucia es Daniel Ponce. \u00c9l quiere hacer valer su ley y realmente es complicado que el amor se llegue a dar entre ellos dos. Es un romance muy fuerte y ese sentimiento es el motor que mueve esta historia\u201d.<\/p>\n<p>Todo lo que haceAracely Ar\u00e1mbula es con profesionalismo, entrega, entusiasmo, alegr\u00eda y el saber darle vida a un personaje. En este sentidola actriz mexicana espera que esta historia le guste a la gente.<a href=\"https:\/\/diarioelpopular.com\/wp-content\/uploads\/2014\/10\/LosMiserablesposter09-24-14.jpg\"><img loading=\"lazy\" decoding=\"async\" class=\"aligncenter size-full wp-image-458633\" src=\"https:\/\/diarioelpopular.com\/wp-content\/uploads\/2014\/10\/LosMiserablesposter09-24-14.jpg\" alt=\"LosMiserablesposter09-24-14\" width=\"527\" height=\"719\" \/><\/a><\/p>\n<p>\u201cEs una granproducci\u00f3n, una gran historia, la que todos conocemos y la que estamos haciendo con el alma y el coraz\u00f3n para todos ustedes. Yo misma estoy muy emocionada de que muy pronto este en todas sus pantallas\u201d concluy\u00f3.<\/p>\n<p>\u2018Los Miserables\u2019, la cl\u00e1sica historia del autor franc\u00e9s V\u00edctor Hugo, ser\u00e1 rodada en su totalidad en M\u00e9xico y junto a Aracely Ar\u00e1mbula, en los roles estelares, participan la actriz cubana Ayl\u00edn Mujica y los actores mexicanos Erik Hayser y Aar\u00f3n D\u00edaz.<\/p>\n","protected":false},"excerpt":{"rendered":"<p>Es una Miserable<\/p>\n","protected":false},"author":5842,"featured_media":0,"comment_status":"open","ping_status":"open","sticky":false,"template":"","format":"standard","meta":{"footnotes":""},"categories":[81,2482],"tags":[],"class_list":["post-458629","post","type-post","status-publish","format-standard","hentry","category-columnistas","category-espectaculo"],"_links":{"self":[{"href":"https:\/\/diarioelpopular.com\/index.php\/wp-json\/wp\/v2\/posts\/458629","targetHints":{"allow":["GET"]}}],"collection":[{"href":"https:\/\/diarioelpopular.com\/index.php\/wp-json\/wp\/v2\/posts"}],"about":[{"href":"https:\/\/diarioelpopular.com\/index.php\/wp-json\/wp\/v2\/types\/post"}],"author":[{"embeddable":true,"href":"https:\/\/diarioelpopular.com\/index.php\/wp-json\/wp\/v2\/users\/5842"}],"replies":[{"embeddable":true,"href":"https:\/\/diarioelpopular.com\/index.php\/wp-json\/wp\/v2\/comments?post=458629"}],"version-history":[{"count":1,"href":"https:\/\/diarioelpopular.com\/index.php\/wp-json\/wp\/v2\/posts\/458629\/revisions"}],"predecessor-version":[{"id":458634,"href":"https:\/\/diarioelpopular.com\/index.php\/wp-json\/wp\/v2\/posts\/458629\/revisions\/458634"}],"wp:attachment":[{"href":"https:\/\/diarioelpopular.com\/index.php\/wp-json\/wp\/v2\/media?parent=458629"}],"wp:term":[{"taxonomy":"category","embeddable":true,"href":"https:\/\/diarioelpopular.com\/index.php\/wp-json\/wp\/v2\/categories?post=458629"},{"taxonomy":"post_tag","embeddable":true,"href":"https:\/\/diarioelpopular.com\/index.php\/wp-json\/wp\/v2\/tags?post=458629"}],"curies":[{"name":"wp","href":"https:\/\/api.w.org\/{rel}","templated":true}]}}