{"id":458644,"date":"2014-10-07T19:53:37","date_gmt":"2014-10-07T23:53:37","guid":{"rendered":"http:\/\/diarioelpopular.com\/?p=458644"},"modified":"2014-10-09T21:25:36","modified_gmt":"2014-10-10T01:25:36","slug":"canada-pierde-ventajas-por-lenta-adopcion-de-tecnologia-digital","status":"publish","type":"post","link":"https:\/\/diarioelpopular.com\/index.php\/2014\/10\/07\/canada-pierde-ventajas-por-lenta-adopcion-de-tecnologia-digital\/","title":{"rendered":"Canad\u00e1 pierde ventajas por lenta adopci\u00f3n de tecnolog\u00eda digital"},"content":{"rendered":"<div id=\"attachment_458645\" style=\"width: 570px\" class=\"wp-caption aligncenter\"><a href=\"https:\/\/diarioelpopular.com\/wp-content\/uploads\/2014\/10\/foto-1-breves-12.jpg\"><img loading=\"lazy\" decoding=\"async\" aria-describedby=\"caption-attachment-458645\" class=\"size-large wp-image-458645\" src=\"https:\/\/diarioelpopular.com\/wp-content\/uploads\/2014\/10\/foto-1-breves-12-560x420.jpg\" alt=\"Solo tres por ciento de la econom\u00eda minorista canadiense est\u00e1 en l\u00ednea.\" width=\"560\" height=\"420\" \/><\/a><p id=\"caption-attachment-458645\" class=\"wp-caption-text\">Solo tres por ciento de la econom\u00eda minorista canadiense est\u00e1 en l\u00ednea.<\/p><\/div>\n<p><strong><em>OTTAWA.-<\/em> <\/strong>Un nuevo informe advirti\u00f3 que Canad\u00e1 est\u00e1 perdiendo su ventaja internacional en Internet debido a que las empresas no han adoptado la tecnolog\u00eda digital.<\/p>\n<p>La Asociaci\u00f3n de Internet se\u00f1al\u00f3 que los canadienses se encuentran entre los mayores usuarios de Internet en el mundo y son asiduos a los servicios en l\u00ednea de venta al por menor.<\/p>\n<p>Sin embargo, las empresas canadienses no est\u00e1n utilizando la tecnolog\u00eda digital en la misma medida que los competidores de otros pa\u00edses.<\/p>\n<p>Solo tres por ciento de la econom\u00eda minorista canadiense est\u00e1 en l\u00ednea en comparaci\u00f3n con 23 por ciento en el Reino Unido.<\/p>\n<p>Recientemente, el gobierno canadiense dio a conocer su estrategia digital, Canada 150, pero la mencionada asociaci\u00f3n considera debe actuar con rapidez para recuperar el tiempo perdido.<\/p>\n<p>El informe recomienda la aplicaci\u00f3n de un cr\u00e9dito fiscal renovaci\u00f3n digital para ayudar a las empresas a adoptar tecnolog\u00edas digitales, as\u00ed como un enfoque empresarial m\u00e1s favorable a las leyes de privacidad en l\u00ednea.<\/p>\n","protected":false},"excerpt":{"rendered":"<p>Un nuevo informe advirti\u00f3 que Canad\u00e1 est\u00e1 perdiendo su ventaja internacional en Internet debido a que las empresas no han adoptado la tecnolog\u00eda digital.<\/p>\n","protected":false},"author":5842,"featured_media":0,"comment_status":"open","ping_status":"open","sticky":false,"template":"","format":"standard","meta":{"footnotes":""},"categories":[21],"tags":[],"class_list":["post-458644","post","type-post","status-publish","format-standard","hentry","category-canada"],"_links":{"self":[{"href":"https:\/\/diarioelpopular.com\/index.php\/wp-json\/wp\/v2\/posts\/458644","targetHints":{"allow":["GET"]}}],"collection":[{"href":"https:\/\/diarioelpopular.com\/index.php\/wp-json\/wp\/v2\/posts"}],"about":[{"href":"https:\/\/diarioelpopular.com\/index.php\/wp-json\/wp\/v2\/types\/post"}],"author":[{"embeddable":true,"href":"https:\/\/diarioelpopular.com\/index.php\/wp-json\/wp\/v2\/users\/5842"}],"replies":[{"embeddable":true,"href":"https:\/\/diarioelpopular.com\/index.php\/wp-json\/wp\/v2\/comments?post=458644"}],"version-history":[{"count":1,"href":"https:\/\/diarioelpopular.com\/index.php\/wp-json\/wp\/v2\/posts\/458644\/revisions"}],"predecessor-version":[{"id":458646,"href":"https:\/\/diarioelpopular.com\/index.php\/wp-json\/wp\/v2\/posts\/458644\/revisions\/458646"}],"wp:attachment":[{"href":"https:\/\/diarioelpopular.com\/index.php\/wp-json\/wp\/v2\/media?parent=458644"}],"wp:term":[{"taxonomy":"category","embeddable":true,"href":"https:\/\/diarioelpopular.com\/index.php\/wp-json\/wp\/v2\/categories?post=458644"},{"taxonomy":"post_tag","embeddable":true,"href":"https:\/\/diarioelpopular.com\/index.php\/wp-json\/wp\/v2\/tags?post=458644"}],"curies":[{"name":"wp","href":"https:\/\/api.w.org\/{rel}","templated":true}]}}