{"id":458659,"date":"2014-10-08T00:07:22","date_gmt":"2014-10-08T04:07:22","guid":{"rendered":"http:\/\/diarioelpopular.com\/?p=458659"},"modified":"2014-10-07T20:03:44","modified_gmt":"2014-10-08T00:03:44","slug":"policia-busca-a-2-sospechosos-en-robo-de-mississauga","status":"publish","type":"post","link":"https:\/\/diarioelpopular.com\/index.php\/2014\/10\/08\/policia-busca-a-2-sospechosos-en-robo-de-mississauga\/","title":{"rendered":"Polic\u00eda busca a 2 sospechosos en robo de Mississauga"},"content":{"rendered":"<div id=\"attachment_458660\" style=\"width: 570px\" class=\"wp-caption aligncenter\"><a href=\"https:\/\/diarioelpopular.com\/wp-content\/uploads\/2014\/10\/foto-1-breves-21.jpg\"><img loading=\"lazy\" decoding=\"async\" aria-describedby=\"caption-attachment-458660\" class=\"size-large wp-image-458660\" src=\"https:\/\/diarioelpopular.com\/wp-content\/uploads\/2014\/10\/foto-1-breves-21-560x373.jpg\" alt=\"Sospechoso en una invasi\u00f3n en la Autopista 427 y Finch Avenue. Suministrado por La Polic\u00eda de Peel.\" width=\"560\" height=\"373\" \/><\/a><p id=\"caption-attachment-458660\" class=\"wp-caption-text\">Sospechoso en una invasi\u00f3n en la Autopista 427 y Finch Avenue. Suministrado por La Polic\u00eda de Peel.<\/p><\/div>\n<p><strong><em>MISSISSAUGA.-<\/em><\/strong> La Polic\u00eda Regional de Peel inici\u00f3 la b\u00fasqueda de dos sospechosos despu\u00e9s de que fue denunciada una invasi\u00f3n en una vivienda en las afueras de Mississauga.<\/p>\n<p>El reporte policial indic\u00f3 que el pasado 22 de septiembre, a las 10:15 am, una mujer estaba fuera de su casa en Teeswater Road, cerca de Finch Avenue y la Autopista 427, cuando dos hombres se acercaron a ella pidiendo dinero.<\/p>\n<p>Cuando ella se neg\u00f3, fue obligada por los antisociales a ingresar a su casa donde le robaron joyas. Luego huyeron a pie.<\/p>\n<p>La polic\u00eda describi\u00f3 a uno de los sospechosos originario de Sri Lanka, entre 25 y 30 a\u00f1os de edad, de 5 pies y 9 pulgadas, 230 a 250 libras e contextura gruesa, pelo negro corto y cicatrices de acn\u00e9 en el lado derecho de su cara.<\/p>\n<p>El segundo sospechoso es descrito como blanco, de 25 a 30 a\u00f1os, de 5 pies y 10 pulgadas a 6 pies de alto con pelo corto rubio sucio, delgado y con acn\u00e9 facial grave.<\/p>\n<p>El cuerpo de seguridad se\u00f1al\u00f3 que la v\u00edctima no fue herida de gravedad en el ataque.<\/p>\n","protected":false},"excerpt":{"rendered":"<p>La Polic\u00eda Regional de Peel inici\u00f3 la b\u00fasqueda de dos sospechosos despu\u00e9s de que fue denunciada una invasi\u00f3n en una vivienda en las afueras de Mississauga.<\/p>\n","protected":false},"author":5842,"featured_media":0,"comment_status":"open","ping_status":"open","sticky":false,"template":"","format":"standard","meta":{"footnotes":""},"categories":[21],"tags":[],"class_list":["post-458659","post","type-post","status-publish","format-standard","hentry","category-canada"],"_links":{"self":[{"href":"https:\/\/diarioelpopular.com\/index.php\/wp-json\/wp\/v2\/posts\/458659","targetHints":{"allow":["GET"]}}],"collection":[{"href":"https:\/\/diarioelpopular.com\/index.php\/wp-json\/wp\/v2\/posts"}],"about":[{"href":"https:\/\/diarioelpopular.com\/index.php\/wp-json\/wp\/v2\/types\/post"}],"author":[{"embeddable":true,"href":"https:\/\/diarioelpopular.com\/index.php\/wp-json\/wp\/v2\/users\/5842"}],"replies":[{"embeddable":true,"href":"https:\/\/diarioelpopular.com\/index.php\/wp-json\/wp\/v2\/comments?post=458659"}],"version-history":[{"count":1,"href":"https:\/\/diarioelpopular.com\/index.php\/wp-json\/wp\/v2\/posts\/458659\/revisions"}],"predecessor-version":[{"id":458661,"href":"https:\/\/diarioelpopular.com\/index.php\/wp-json\/wp\/v2\/posts\/458659\/revisions\/458661"}],"wp:attachment":[{"href":"https:\/\/diarioelpopular.com\/index.php\/wp-json\/wp\/v2\/media?parent=458659"}],"wp:term":[{"taxonomy":"category","embeddable":true,"href":"https:\/\/diarioelpopular.com\/index.php\/wp-json\/wp\/v2\/categories?post=458659"},{"taxonomy":"post_tag","embeddable":true,"href":"https:\/\/diarioelpopular.com\/index.php\/wp-json\/wp\/v2\/tags?post=458659"}],"curies":[{"name":"wp","href":"https:\/\/api.w.org\/{rel}","templated":true}]}}