{"id":458669,"date":"2014-10-08T00:09:28","date_gmt":"2014-10-08T04:09:28","guid":{"rendered":"http:\/\/diarioelpopular.com\/?p=458669"},"modified":"2014-10-09T21:24:44","modified_gmt":"2014-10-10T01:24:44","slug":"solicitan-asistencia-para-oficiales-con-trastorno-de-estres-post-traumatico","status":"publish","type":"post","link":"https:\/\/diarioelpopular.com\/index.php\/2014\/10\/08\/solicitan-asistencia-para-oficiales-con-trastorno-de-estres-post-traumatico\/","title":{"rendered":"Solicitan asistencia para oficiales con trastorno de estr\u00e9s post-traum\u00e1tico"},"content":{"rendered":"<div id=\"attachment_458670\" style=\"width: 570px\" class=\"wp-caption aligncenter\"><a href=\"https:\/\/diarioelpopular.com\/wp-content\/uploads\/2014\/10\/foto-1-nota-23.jpg\"><img loading=\"lazy\" decoding=\"async\" aria-describedby=\"caption-attachment-458670\" class=\"size-large wp-image-458670\" src=\"https:\/\/diarioelpopular.com\/wp-content\/uploads\/2014\/10\/foto-1-nota-23-560x402.jpg\" alt=\"El RCMP Francis se suicid\u00f3 despu\u00e9s del proceso jur\u00eddico que se inici\u00f3 cuando se le pregunt\u00f3 si hab\u00eda estado fumando marihuana medicinal en el trabajo.\" width=\"560\" height=\"402\" \/><\/a><p id=\"caption-attachment-458670\" class=\"wp-caption-text\">El RCMP Francis se suicid\u00f3 despu\u00e9s del proceso jur\u00eddico que se inici\u00f3 cuando se le pregunt\u00f3 si hab\u00eda estado fumando marihuana medicinal en el trabajo.<\/p><\/div>\n<p><strong><em>NEW BRUNSWICK.-<\/em> <\/strong>Ron Francis, un veterano de RCMP de 21 a\u00f1os, bajo supervisi\u00f3n m\u00e9dica desde la Divisi\u00f3n J en New Brunswick, muri\u00f3 a las 4:00 pm.<\/p>\n<p>&#8220;Desgraciadamente termin\u00f3 enfermo de estr\u00e9s post-traum\u00e1tico y no tuvo tratamiento&#8221;, dijo su amigo y abogado T.J. Burke.<\/p>\n<p>Burke ha pedido a los gobiernos provinciales y federales desarrollar un programa para ayudar a los primeros en enfrentar este tipo de situaciones, socorristas, polic\u00edas, soldados, bomberos, que necesitan &#8220;tratamiento real para el trastorno de estr\u00e9s post-traum\u00e1tico&#8221;.<\/p>\n<p>Francis fue noticia a finales de 2013, cuando se hizo p\u00fablico su creencia de que se debe permitir fumar marihuana medicinal, durante el desempe\u00f1o de sus funciones, para ayudar a lidiar con el trastorno de estr\u00e9s postraum\u00e1tico.<\/p>\n<p>En los \u00faltimos meses, Burke tambi\u00e9n ha representado a un oficial de polic\u00eda de la ciudad de Fredericton y un ex miembro de las fuerzas armadas que han sido acusados \u200b\u200bde cr\u00edmenes, mientras que Burke argument\u00f3 que estaban siendo tratados por estr\u00e9s postraum\u00e1tico.<\/p>\n<p>&#8220;El trastorno se est\u00e1 manifestando de tal manera y no est\u00e1n recibiendo tratamiento, se est\u00e1n cometiendo actos delictivos. Los estamos viendo en las causas judiciales.&#8221;<\/p>\n<p>Mientras Francis gan\u00f3 atenci\u00f3n en su b\u00fasqueda de permiso para fumar marihuana prescrita en el trabajo, Burke dijo ese no era el tema. &#8220;Se trataba de sacar a la luz que RCMP no estaba prestando servicios adecuados a sus funcionarios que sufr\u00edan de trastorno de estr\u00e9s post-traum\u00e1tico&#8221;.<\/p>\n<p>&#8220;La marihuana siempre fue una cortina de humo&#8221;, dijo.<\/p>\n<p>Francis fue juzgado por seis cargos derivados de los incidentes en diciembre de 2013 y enero de 2014, cuando cambi\u00f3 su declaraci\u00f3n a culpable en tres de los cargos.<\/p>\n<p>Francis se declar\u00f3 culpable de dos cargos de agresi\u00f3n a compa\u00f1eros oficiales y uno por incumplir el compromiso de no poseer o consumir alcohol y drogas sin receta.<\/p>\n<p>Se le hab\u00eda retirado otros tres cargos.<\/p>\n<p>Una audiencia de sentencia hab\u00eda sido programada para el 3 de noviembre.<\/p>\n<p>RCMP hab\u00eda despojado a Francis de su uniforme y lo coloc\u00f3 en licencia m\u00e9dica en noviembre de 2013.<\/p>\n<p>Respondi\u00f3 que polic\u00eda nacional deb\u00eda cambiar sus pol\u00edticas y proporcionar m\u00e1s recursos a los oficiales.<\/p>\n<p>En enero de 2013, RCMP ofreci\u00f3 a pagar por Francis un tratamiento en Powell River, BC, durante tres meses. Francis abandon\u00f3 la instalaci\u00f3n en tres d\u00edas, alegando que no pod\u00eda continuar sentado y observado.<\/p>\n<p>Francis era Maliseet y miembro de las Primeras Naciones Kingsclear, cerca de Fredericton.<\/p>\n","protected":false},"excerpt":{"rendered":"<p>Fue iniciada una petici\u00f3n de ayuda para agentes policiales y rescatistas afectados con este tipo de perturbaciones, a ra\u00edz del suicidio del oficial conocido por fumar marihuana medicinal mientras estaba uniformado.<\/p>\n","protected":false},"author":5842,"featured_media":0,"comment_status":"open","ping_status":"open","sticky":false,"template":"","format":"standard","meta":{"footnotes":""},"categories":[21],"tags":[],"class_list":["post-458669","post","type-post","status-publish","format-standard","hentry","category-canada"],"_links":{"self":[{"href":"https:\/\/diarioelpopular.com\/index.php\/wp-json\/wp\/v2\/posts\/458669","targetHints":{"allow":["GET"]}}],"collection":[{"href":"https:\/\/diarioelpopular.com\/index.php\/wp-json\/wp\/v2\/posts"}],"about":[{"href":"https:\/\/diarioelpopular.com\/index.php\/wp-json\/wp\/v2\/types\/post"}],"author":[{"embeddable":true,"href":"https:\/\/diarioelpopular.com\/index.php\/wp-json\/wp\/v2\/users\/5842"}],"replies":[{"embeddable":true,"href":"https:\/\/diarioelpopular.com\/index.php\/wp-json\/wp\/v2\/comments?post=458669"}],"version-history":[{"count":1,"href":"https:\/\/diarioelpopular.com\/index.php\/wp-json\/wp\/v2\/posts\/458669\/revisions"}],"predecessor-version":[{"id":458671,"href":"https:\/\/diarioelpopular.com\/index.php\/wp-json\/wp\/v2\/posts\/458669\/revisions\/458671"}],"wp:attachment":[{"href":"https:\/\/diarioelpopular.com\/index.php\/wp-json\/wp\/v2\/media?parent=458669"}],"wp:term":[{"taxonomy":"category","embeddable":true,"href":"https:\/\/diarioelpopular.com\/index.php\/wp-json\/wp\/v2\/categories?post=458669"},{"taxonomy":"post_tag","embeddable":true,"href":"https:\/\/diarioelpopular.com\/index.php\/wp-json\/wp\/v2\/tags?post=458669"}],"curies":[{"name":"wp","href":"https:\/\/api.w.org\/{rel}","templated":true}]}}