{"id":458690,"date":"2014-10-10T00:04:15","date_gmt":"2014-10-10T04:04:15","guid":{"rendered":"http:\/\/diarioelpopular.com\/?p=458690"},"modified":"2014-10-09T20:46:19","modified_gmt":"2014-10-10T00:46:19","slug":"cambio-climatico-podria-crear-responsabilidad-juridica-a-empresas-energeticas","status":"publish","type":"post","link":"https:\/\/diarioelpopular.com\/index.php\/2014\/10\/10\/cambio-climatico-podria-crear-responsabilidad-juridica-a-empresas-energeticas\/","title":{"rendered":"Cambio clim\u00e1tico podr\u00eda crear responsabilidad jur\u00eddica a empresas energ\u00e9ticas"},"content":{"rendered":"<div id=\"attachment_458691\" style=\"width: 570px\" class=\"wp-caption aligncenter\"><a href=\"https:\/\/diarioelpopular.com\/wp-content\/uploads\/2014\/10\/foto-1-breves-22.jpg\"><img loading=\"lazy\" decoding=\"async\" aria-describedby=\"caption-attachment-458691\" class=\"size-large wp-image-458691\" src=\"https:\/\/diarioelpopular.com\/wp-content\/uploads\/2014\/10\/foto-1-breves-22-560x420.jpg\" alt=\"Investigadores canadienses pueden estimar los costos que el aumento de los gases de efecto invernadero impone.\" width=\"560\" height=\"420\" \/><\/a><p id=\"caption-attachment-458691\" class=\"wp-caption-text\">Investigadores canadienses pueden estimar los costos que el aumento de los gases de efecto invernadero impone.<\/p><\/div>\n<p><strong><em>VANCOUVER.-<\/em><\/strong> Los avances sobre el cambio clim\u00e1tico podr\u00edan asentar las bases para responsabilizar legalmente a las empresas de energ\u00eda canadiense, especialmente en lo referente a la aplicaci\u00f3n de las sentencias extranjeras a nivel local.<\/p>\n<p>Un estudio acad\u00e9mico de Pol\u00edticas Alternativas y Derecho Ambiental de la costa oeste, liderado por Michael Byers, co-autor y profesor de derecho internacional en la Universidad de British Columbia, enfatiza \u201cel asunto como motivo de preocupaci\u00f3n\u201d.<\/p>\n<p>Aunque vincular directamente con los fen\u00f3menos meteorol\u00f3gicos individuales con el cambio clim\u00e1tico contin\u00faa siendo una incertidumbre, los investigadores pueden estimar los costos que el aumento de los gases de efecto invernadero impone.<\/p>\n<p>Un organismo multidisciplinario internacional calcul\u00f3 el costo global a $ 591 mil millones para 2010. En Canad\u00e1, la Mesa Redonda Nacional sobre el Medio Ambiente y la Econom\u00eda ha dicho que el cambio clim\u00e1tico tendr\u00e1 un costo de $ 5 mil millones anuales para 2020.<\/p>\n<p>La investigaci\u00f3n cit\u00f3 a 90 empresas privadas y estatales, cinco canadienses, Encana, Suncor, Canadian Natural Resources, Talisman y Husky.<\/p>\n","protected":false},"excerpt":{"rendered":"<p>Los avances sobre el cambio clim\u00e1tico podr\u00edan asentar las bases para responsabilizar legalmente a las empresas de energ\u00eda canadiense, especialmente en lo referente a la aplicaci\u00f3n de las sentencias extranjeras a nivel local.<\/p>\n","protected":false},"author":5842,"featured_media":0,"comment_status":"open","ping_status":"open","sticky":false,"template":"","format":"standard","meta":{"footnotes":""},"categories":[21],"tags":[],"class_list":["post-458690","post","type-post","status-publish","format-standard","hentry","category-canada"],"_links":{"self":[{"href":"https:\/\/diarioelpopular.com\/index.php\/wp-json\/wp\/v2\/posts\/458690","targetHints":{"allow":["GET"]}}],"collection":[{"href":"https:\/\/diarioelpopular.com\/index.php\/wp-json\/wp\/v2\/posts"}],"about":[{"href":"https:\/\/diarioelpopular.com\/index.php\/wp-json\/wp\/v2\/types\/post"}],"author":[{"embeddable":true,"href":"https:\/\/diarioelpopular.com\/index.php\/wp-json\/wp\/v2\/users\/5842"}],"replies":[{"embeddable":true,"href":"https:\/\/diarioelpopular.com\/index.php\/wp-json\/wp\/v2\/comments?post=458690"}],"version-history":[{"count":1,"href":"https:\/\/diarioelpopular.com\/index.php\/wp-json\/wp\/v2\/posts\/458690\/revisions"}],"predecessor-version":[{"id":458692,"href":"https:\/\/diarioelpopular.com\/index.php\/wp-json\/wp\/v2\/posts\/458690\/revisions\/458692"}],"wp:attachment":[{"href":"https:\/\/diarioelpopular.com\/index.php\/wp-json\/wp\/v2\/media?parent=458690"}],"wp:term":[{"taxonomy":"category","embeddable":true,"href":"https:\/\/diarioelpopular.com\/index.php\/wp-json\/wp\/v2\/categories?post=458690"},{"taxonomy":"post_tag","embeddable":true,"href":"https:\/\/diarioelpopular.com\/index.php\/wp-json\/wp\/v2\/tags?post=458690"}],"curies":[{"name":"wp","href":"https:\/\/api.w.org\/{rel}","templated":true}]}}