{"id":458693,"date":"2014-10-10T00:05:23","date_gmt":"2014-10-10T04:05:23","guid":{"rendered":"http:\/\/diarioelpopular.com\/?p=458693"},"modified":"2014-10-09T20:47:46","modified_gmt":"2014-10-10T00:47:46","slug":"oshawa-contribuyo-al-aumento-de-precios-de-la-vivienda-en-el-gta","status":"publish","type":"post","link":"https:\/\/diarioelpopular.com\/index.php\/2014\/10\/10\/oshawa-contribuyo-al-aumento-de-precios-de-la-vivienda-en-el-gta\/","title":{"rendered":"Oshawa contribuy\u00f3 al aumento de precios de la vivienda en el GTA"},"content":{"rendered":"<div id=\"attachment_458694\" style=\"width: 410px\" class=\"wp-caption aligncenter\"><a href=\"https:\/\/diarioelpopular.com\/wp-content\/uploads\/2014\/10\/foto-1-breves-32.jpg\"><img loading=\"lazy\" decoding=\"async\" aria-describedby=\"caption-attachment-458694\" class=\"size-full wp-image-458694\" src=\"https:\/\/diarioelpopular.com\/wp-content\/uploads\/2014\/10\/foto-1-breves-32.jpg\" alt=\"La regi\u00f3n metropolitana combinada de Toronto y Oshawa fue la que m\u00e1s contribuy\u00f3 al crecimiento en los precios de la vivienda. \" width=\"400\" height=\"300\" \/><\/a><p id=\"caption-attachment-458694\" class=\"wp-caption-text\">La regi\u00f3n metropolitana combinada de Toronto y Oshawa fue la que m\u00e1s contribuy\u00f3 al crecimiento en los precios de la vivienda.<\/p><\/div>\n<p><strong><em>OTTAWA.-<\/em> <\/strong>Estad\u00edsticas Canad\u00e1 present\u00f3 el nuevo \u00edndice de precios de vivienda que subi\u00f3 un 0,3 por ciento en agosto, despu\u00e9s de un mes de estabilidad en julio.<\/p>\n<p>El organismo resalt\u00f3 que el aumento fue el m\u00e1s elevado desde enero y obedeci\u00f3 principalmente a las fuertes ganancias en Ontario y Alberta.<\/p>\n<p>La regi\u00f3n metropolitana combinada de Toronto y Oshawa fue la que m\u00e1s contribuy\u00f3 al crecimiento agosto, con precios de hasta 0,3 por ciento en julio.<\/p>\n<p>El aumento mensual m\u00e1s grande ocurri\u00f3 en Calgary, donde los precios subieron un 0,5 por ciento en agosto.<\/p>\n<p>Los precios en el \u00e1rea combinada de Saint John, Fredericton y Moncton, NB, cayeron un 0,3 por ciento donde los constructores redujeron los precios para estimular las ventas.<\/p>\n<p>Los precios se mantuvieron sin cambios en 7 de las 21 \u00e1reas metropolitanas.<\/p>\n","protected":false},"excerpt":{"rendered":"<p>Estad\u00edsticas Canad\u00e1 present\u00f3 el nuevo \u00edndice de precios de vivienda que subi\u00f3 un 0,3 por ciento en agosto, despu\u00e9s de un mes de estabilidad en julio.<\/p>\n","protected":false},"author":5842,"featured_media":0,"comment_status":"open","ping_status":"open","sticky":false,"template":"","format":"standard","meta":{"footnotes":""},"categories":[21],"tags":[],"class_list":["post-458693","post","type-post","status-publish","format-standard","hentry","category-canada"],"_links":{"self":[{"href":"https:\/\/diarioelpopular.com\/index.php\/wp-json\/wp\/v2\/posts\/458693","targetHints":{"allow":["GET"]}}],"collection":[{"href":"https:\/\/diarioelpopular.com\/index.php\/wp-json\/wp\/v2\/posts"}],"about":[{"href":"https:\/\/diarioelpopular.com\/index.php\/wp-json\/wp\/v2\/types\/post"}],"author":[{"embeddable":true,"href":"https:\/\/diarioelpopular.com\/index.php\/wp-json\/wp\/v2\/users\/5842"}],"replies":[{"embeddable":true,"href":"https:\/\/diarioelpopular.com\/index.php\/wp-json\/wp\/v2\/comments?post=458693"}],"version-history":[{"count":1,"href":"https:\/\/diarioelpopular.com\/index.php\/wp-json\/wp\/v2\/posts\/458693\/revisions"}],"predecessor-version":[{"id":458695,"href":"https:\/\/diarioelpopular.com\/index.php\/wp-json\/wp\/v2\/posts\/458693\/revisions\/458695"}],"wp:attachment":[{"href":"https:\/\/diarioelpopular.com\/index.php\/wp-json\/wp\/v2\/media?parent=458693"}],"wp:term":[{"taxonomy":"category","embeddable":true,"href":"https:\/\/diarioelpopular.com\/index.php\/wp-json\/wp\/v2\/categories?post=458693"},{"taxonomy":"post_tag","embeddable":true,"href":"https:\/\/diarioelpopular.com\/index.php\/wp-json\/wp\/v2\/tags?post=458693"}],"curies":[{"name":"wp","href":"https:\/\/api.w.org\/{rel}","templated":true}]}}