{"id":458765,"date":"2014-10-17T00:05:38","date_gmt":"2014-10-17T04:05:38","guid":{"rendered":"http:\/\/diarioelpopular.com\/?p=458765"},"modified":"2014-10-16T19:10:25","modified_gmt":"2014-10-16T23:10:25","slug":"ventas-de-fabricas-canadienses-se-desplomaron-en-agosto","status":"publish","type":"post","link":"https:\/\/diarioelpopular.com\/index.php\/2014\/10\/17\/ventas-de-fabricas-canadienses-se-desplomaron-en-agosto\/","title":{"rendered":"Ventas de f\u00e1bricas canadienses se desplomaron en agosto"},"content":{"rendered":"<div id=\"attachment_458766\" style=\"width: 570px\" class=\"wp-caption aligncenter\"><a href=\"https:\/\/diarioelpopular.com\/wp-content\/uploads\/2014\/10\/foto-1-nota-27.jpg\"><img loading=\"lazy\" decoding=\"async\" aria-describedby=\"caption-attachment-458766\" class=\"size-large wp-image-458766\" src=\"https:\/\/diarioelpopular.com\/wp-content\/uploads\/2014\/10\/foto-1-nota-27-560x315.jpg\" alt=\"El descenso se present\u00f3 dentro de una recuperaci\u00f3n incipiente en marcha para las exportaciones canadienses y la inversi\u00f3n empresarial.\" width=\"560\" height=\"315\" \/><\/a><p id=\"caption-attachment-458766\" class=\"wp-caption-text\">El descenso se present\u00f3 dentro de una recuperaci\u00f3n incipiente en marcha para las exportaciones canadienses y la inversi\u00f3n empresarial.<\/p><\/div>\n<p><strong><em>OTTAWA.-<\/em> <\/strong>La actividad de las f\u00e1bricas canadienses se desplom\u00f3 en agosto, revirtiendo las ganancias registradas en los dos meses anteriores y ofreciendo otra se\u00f1al de advertencia de que el crecimiento econ\u00f3mico se ha estancado.<\/p>\n<p>Las ventas de las f\u00e1bricas cayeron 3,3%, equivalente a 52.05 mil millones de d\u00f3lares canadienses, entre julio y agosto de acuerdo con Estad\u00edsticas Canad\u00e1. Las expectativas del mercado eran de un descenso del 2%, seg\u00fan los economistas de Royal Bank de Canad\u00e1.<\/p>\n<p>Aproximadamente la mitad de la ca\u00edda, la mayor registrada en m\u00e1s de cinco a\u00f1os y el primero de este a\u00f1o, se atribuy\u00f3 a la menor demanda de veh\u00edculos y autopartes.<\/p>\n<p>El descenso de agosto se ubica dentro de una recuperaci\u00f3n incipiente en marcha para las exportaciones canadienses y la inversi\u00f3n empresarial, que seg\u00fan el Banco de Canad\u00e1 debe acelerarse para impulsar el crecimiento debido a que el gasto de los consumidores se estrecha en medio de los niveles de altas deudas de los hogares que alcanzan niveles casi r\u00e9cord.<\/p>\n<p>Los vol\u00famenes cayeron un 3,7%, inform\u00f3 Estad\u00edsticas Canad\u00e1.<\/p>\n<p>Las ventas de fabricaci\u00f3n de julio se inclinaron hacia el alza, lo que indica un aumento del 2,9% frente a la estimaci\u00f3n anterior de un aumento del 2,5%. El nivel de ventas en julio tambi\u00e9n marc\u00f3 un r\u00e9cord, $ 53.81 mil millones.<\/p>\n<p>La ca\u00edda en agosto es la mayor ca\u00edda desde mayo de 2009, cuando Canad\u00e1 estaba bajo los efectos de una recesi\u00f3n global. El descenso fue registrado en los datos comerciales publicados los cuales suger\u00edan que las exportaciones cayeron un 2,5% en agosto. Los precios y los vol\u00famenes cayeron, seguidos del reporte del producto interno bruto de julio que mostr\u00f3 que la econom\u00eda canadiense se hab\u00eda estancado en ese mes.<\/p>\n<p>El Ministro de Finanzas, Joe Oliver, dijo que conf\u00eda en las perspectivas econ\u00f3micas. Asegur\u00f3 una expansi\u00f3n de 2,2% para 2014, argumentando que el pa\u00eds parec\u00eda resistente frente de las tendencias que afectan a la econom\u00eda global.<\/p>\n<p>La ca\u00edda mayor a la esperada en las ventas de las f\u00e1bricas fue liderada por el sector de equipos de transporte, ya que los env\u00edos cayeron un 12,8% a $ 8940 millones. Dentro de la categor\u00eda, las ventas de veh\u00edculos de motor cayeron 12% y las piezas de autom\u00f3viles disminuyeron 10,8%.<\/p>\n<p>Excluyendo el componente de autom\u00f3viles, las ventas de fabricaci\u00f3n cayeron 1,9%. Las ventas de los productos derivados del petr\u00f3leo y del carb\u00f3n cayeron 3,4%, lo que Estad\u00edsticas Canad\u00e1 considera que obedeci\u00f3 a vol\u00famenes inferiores.<\/p>\n<p>En general, las ventas cayeron en 16 de las 21 industrias. Sobre una base a\u00f1o tras a\u00f1o, los env\u00edos de f\u00e1brica avanzaron 6.1%.<\/p>\n<p>Los nuevos pedidos, que podr\u00edan actuar como un indicador de la actividad futura, disminuyeron 3,8%. Los pedidos en cartera, contribuir\u00e1 a las ventas futuras sin considerar cancelaciones, cayeron 0,1%.<\/p>\n<p>Los inventarios cayeron 0,6% a $ 71,30 mil millones. El ratio de ventas de inventario se elev\u00f3 a 1.37 en agosto en comparaci\u00f3n con 1.33 del mes anterior.<\/p>\n","protected":false},"excerpt":{"rendered":"<p>Env\u00edos de manufactura cayeron 3,3% debido a una menor demanda de autopartes de veh\u00edculos, seg\u00fan datos de Estad\u00edsticas Canad\u00e1.<\/p>\n","protected":false},"author":5842,"featured_media":0,"comment_status":"open","ping_status":"open","sticky":false,"template":"","format":"standard","meta":{"footnotes":""},"categories":[21],"tags":[],"class_list":["post-458765","post","type-post","status-publish","format-standard","hentry","category-canada"],"_links":{"self":[{"href":"https:\/\/diarioelpopular.com\/index.php\/wp-json\/wp\/v2\/posts\/458765","targetHints":{"allow":["GET"]}}],"collection":[{"href":"https:\/\/diarioelpopular.com\/index.php\/wp-json\/wp\/v2\/posts"}],"about":[{"href":"https:\/\/diarioelpopular.com\/index.php\/wp-json\/wp\/v2\/types\/post"}],"author":[{"embeddable":true,"href":"https:\/\/diarioelpopular.com\/index.php\/wp-json\/wp\/v2\/users\/5842"}],"replies":[{"embeddable":true,"href":"https:\/\/diarioelpopular.com\/index.php\/wp-json\/wp\/v2\/comments?post=458765"}],"version-history":[{"count":1,"href":"https:\/\/diarioelpopular.com\/index.php\/wp-json\/wp\/v2\/posts\/458765\/revisions"}],"predecessor-version":[{"id":458767,"href":"https:\/\/diarioelpopular.com\/index.php\/wp-json\/wp\/v2\/posts\/458765\/revisions\/458767"}],"wp:attachment":[{"href":"https:\/\/diarioelpopular.com\/index.php\/wp-json\/wp\/v2\/media?parent=458765"}],"wp:term":[{"taxonomy":"category","embeddable":true,"href":"https:\/\/diarioelpopular.com\/index.php\/wp-json\/wp\/v2\/categories?post=458765"},{"taxonomy":"post_tag","embeddable":true,"href":"https:\/\/diarioelpopular.com\/index.php\/wp-json\/wp\/v2\/tags?post=458765"}],"curies":[{"name":"wp","href":"https:\/\/api.w.org\/{rel}","templated":true}]}}