{"id":458870,"date":"2014-10-24T00:05:11","date_gmt":"2014-10-24T04:05:11","guid":{"rendered":"http:\/\/diarioelpopular.com\/?p=458870"},"modified":"2014-10-23T19:54:05","modified_gmt":"2014-10-23T23:54:05","slug":"rcmp-pistolero-habia-pedido-ayuda-para-comprar-un-coche-2","status":"publish","type":"post","link":"https:\/\/diarioelpopular.com\/index.php\/2014\/10\/24\/rcmp-pistolero-habia-pedido-ayuda-para-comprar-un-coche-2\/","title":{"rendered":"RCMP: Pistolero hab\u00eda pedido ayuda para comprar un coche"},"content":{"rendered":"<div id=\"attachment_458871\" style=\"width: 570px\" class=\"wp-caption aligncenter\"><a href=\"https:\/\/diarioelpopular.com\/wp-content\/uploads\/2014\/10\/foto-1-nota-113.jpg\"><img loading=\"lazy\" decoding=\"async\" aria-describedby=\"caption-attachment-458871\" class=\"size-large wp-image-458871\" src=\"https:\/\/diarioelpopular.com\/wp-content\/uploads\/2014\/10\/foto-1-nota-113-560x373.jpg\" alt=\"Despu\u00e9s de casi 24 horas de incertidumbre, agentes armados contin\u00faan en control del centro de la ciudad. \" width=\"560\" height=\"373\" \/><\/a><p id=\"caption-attachment-458871\" class=\"wp-caption-text\">Despu\u00e9s de casi 24 horas de incertidumbre, agentes armados contin\u00faan en control del centro de la ciudad.<\/p><\/div>\n<p><strong><em>OTTAWA.-<\/em> <\/strong>La Real Polic\u00eda Montada de Canad\u00e1 inform\u00f3 que tom\u00f3 las pertenencias de Michael Zehaf-Bibeau, el pistolero que irrumpi\u00f3 en Parliament Hill, mientras que los residentes de un albergue de la ciudad que lo hab\u00eda recibido, coincidieron en su mensaje, \u201crezar porque el mundo se est\u00e1 acabando&#8221;.<\/p>\n<p>Zehaf-Bibeau dijo en el refugio de desamparados Ottawa Mission que lo ayudara a comprar un veh\u00edculo, porque el suyo se hab\u00eda averiado.<\/p>\n<p>RCMP conoci\u00f3 que Zehaf-Bibeau estuvo en la mayor parte de su tiempo en la sala de computadores.<\/p>\n<p>Fue visto en la misi\u00f3n durante las \u00faltimas dos semanas, siempre con un pa\u00f1uelo, dijeron residentes.<\/p>\n<p>Al igual que gran parte del centro de la ciudad, el refugio fue bloqueado. Su Director Ejecutivo, Peter Tiley, no tuvo comentarios sobre Zehaf-Bibeau, pero confirm\u00f3 a RCMP que hab\u00eda aparecido.<\/p>\n<p>Un residente, John Clothier, dijo: &#8220;Lo he visto por aqu\u00ed en estos dos d\u00edas. \u00c9l estuvo aqu\u00ed. Todos dicen que ha estado desde dos semanas, otros dicen un mes\u201d.<\/p>\n<p>&#8220;Escuch\u00e9 de \u00e9l que estaba tratando de comprar un coche peque\u00f1o, porque su coche ten\u00eda una falla de encendido. Quer\u00eda comprar uno desesperadamente y estaba tratado de tener ayuda de todo el mundo aqu\u00ed\u201d.<\/p>\n<p>&#8220;La gente estaba tratando de ayudarlo, pero no entend\u00eda lo que estaba haciendo. \u00c9l actuaba extra\u00f1o, muy extra\u00f1o\u201d.<\/p>\n<p>Mientras tanto, los padres de Zehaf-Bibeau emitieron un comunicado diciendo que su hijo &#8220;estaba perdido y no se adapt\u00f3\u201d.<\/p>\n<p>Susan Bibeau y Bulgasem Zehaf, expresaron estar &#8220;molestos&#8221; con su hijo y en ocasiones quer\u00edan &#8220;odiarlo&#8221;.<\/p>\n<p>La madre dijo que se hab\u00eda reunido con su hijo para un almuerzo la semana pasada despu\u00e9s de cinco a\u00f1os, pero no ten\u00eda idea de su estado mental.<\/p>\n<p>Ambos expresaron su dolor por la muerte de la v\u00edctima, un soldado de la guardia de honor.<\/p>\n<p>Los investigadores han descartado un segundo tirador en el ataque. Sin embargo, la zona permanece bajo fuertes medidas de seguridad, con cordones policiales que bloquean el tr\u00e1fico y francotiradores visibles encima de los edificios del centro.<\/p>\n<div id=\"attachment_458872\" style=\"width: 570px\" class=\"wp-caption aligncenter\"><a href=\"https:\/\/diarioelpopular.com\/wp-content\/uploads\/2014\/10\/foto-2-nota-1-.jpg\"><img loading=\"lazy\" decoding=\"async\" aria-describedby=\"caption-attachment-458872\" class=\"size-large wp-image-458872\" src=\"https:\/\/diarioelpopular.com\/wp-content\/uploads\/2014\/10\/foto-2-nota-1--560x420.jpg\" alt=\"Agentes de seguridad escoltaron al Primer Ministro, Stephen Harper, y su esposa, Laureen, mientras colocaban flores en el National War Memorial. \" width=\"560\" height=\"420\" \/><\/a><p id=\"caption-attachment-458872\" class=\"wp-caption-text\">Agentes de seguridad escoltaron al Primer Ministro, Stephen Harper, y su esposa, Laureen, mientras colocaban flores en el National War Memorial.<\/p><\/div>\n","protected":false},"excerpt":{"rendered":"<p>Los padres de Zehaf-Bibeau expresaron que su hijo &#8220;estaba perdido y no se adapt\u00f3\u201d, mientras que residentes de un refugio en Ottawa, donde estuvo las \u00faltimas semanas, dijeron \u201cactuaba extra\u00f1o, muy extra\u00f1o\u201d.<\/p>\n","protected":false},"author":5842,"featured_media":0,"comment_status":"open","ping_status":"open","sticky":false,"template":"","format":"standard","meta":{"footnotes":""},"categories":[21],"tags":[],"class_list":["post-458870","post","type-post","status-publish","format-standard","hentry","category-canada"],"_links":{"self":[{"href":"https:\/\/diarioelpopular.com\/index.php\/wp-json\/wp\/v2\/posts\/458870","targetHints":{"allow":["GET"]}}],"collection":[{"href":"https:\/\/diarioelpopular.com\/index.php\/wp-json\/wp\/v2\/posts"}],"about":[{"href":"https:\/\/diarioelpopular.com\/index.php\/wp-json\/wp\/v2\/types\/post"}],"author":[{"embeddable":true,"href":"https:\/\/diarioelpopular.com\/index.php\/wp-json\/wp\/v2\/users\/5842"}],"replies":[{"embeddable":true,"href":"https:\/\/diarioelpopular.com\/index.php\/wp-json\/wp\/v2\/comments?post=458870"}],"version-history":[{"count":1,"href":"https:\/\/diarioelpopular.com\/index.php\/wp-json\/wp\/v2\/posts\/458870\/revisions"}],"predecessor-version":[{"id":458873,"href":"https:\/\/diarioelpopular.com\/index.php\/wp-json\/wp\/v2\/posts\/458870\/revisions\/458873"}],"wp:attachment":[{"href":"https:\/\/diarioelpopular.com\/index.php\/wp-json\/wp\/v2\/media?parent=458870"}],"wp:term":[{"taxonomy":"category","embeddable":true,"href":"https:\/\/diarioelpopular.com\/index.php\/wp-json\/wp\/v2\/categories?post=458870"},{"taxonomy":"post_tag","embeddable":true,"href":"https:\/\/diarioelpopular.com\/index.php\/wp-json\/wp\/v2\/tags?post=458870"}],"curies":[{"name":"wp","href":"https:\/\/api.w.org\/{rel}","templated":true}]}}