{"id":458924,"date":"2014-10-30T00:01:27","date_gmt":"2014-10-30T04:01:27","guid":{"rendered":"http:\/\/diarioelpopular.com\/?p=458924"},"modified":"2014-11-04T20:09:57","modified_gmt":"2014-11-05T01:09:57","slug":"bourque-cometio-uno-de-los-crimenes-mas-atroces-en-la-historia-de-canada","status":"publish","type":"post","link":"https:\/\/diarioelpopular.com\/index.php\/2014\/10\/30\/bourque-cometio-uno-de-los-crimenes-mas-atroces-en-la-historia-de-canada\/","title":{"rendered":"Bourque cometi\u00f3 \u201cuno de los cr\u00edmenes m\u00e1s atroces en la historia de Canad\u00e1\u201d"},"content":{"rendered":"<div id=\"attachment_458925\" style=\"width: 570px\" class=\"wp-caption aligncenter\"><a href=\"https:\/\/diarioelpopular.com\/wp-content\/uploads\/2014\/10\/foto-1-nota-214.jpg\"><img loading=\"lazy\" decoding=\"async\" aria-describedby=\"caption-attachment-458925\" class=\"size-large wp-image-458925\" src=\"https:\/\/diarioelpopular.com\/wp-content\/uploads\/2014\/10\/foto-1-nota-214-560x358.jpg\" alt=\"Bourque debe ser enviado a la c\u00e1rcel durante 75 a\u00f1os sin la posibilidad de libertad condicional por el asesinato de tres RCMP y herir a otros dos, dijo el fiscal en una corte de NB.\" width=\"560\" height=\"358\" \/><\/a><p id=\"caption-attachment-458925\" class=\"wp-caption-text\">Bourque debe ser enviado a la c\u00e1rcel durante 75 a\u00f1os sin la posibilidad de libertad condicional por el asesinato de tres RCMP y herir a otros dos, dijo el fiscal en una corte de NB.<\/p><\/div>\n<p><strong><em>MONCTON, NB.-<\/em><\/strong> En un testimonio entre l\u00e1grimas, Justin Bourque se disculp\u00f3 en la audiencia de sentencia por el asesinato de tres oficiales de la Real Polic\u00eda Montada de Canad\u00e1, RCMP, adem\u00e1s de otros dos heridos.<\/p>\n<p>Bourque est\u00e1 siendo condenado por tres cargos de asesinato en primer grado y dos cargos de intento de asesinato.<\/p>\n<p>Anteriormente, se declar\u00f3 culpable de disparar a cinco oficiales de RCMP, el pasado 4 de junio, cuando deambulaba por un barrio en el extremo norte de la ciudad, vestido con uniforme de camuflaje y portando un arma de alta potencia.<\/p>\n<p>El acusado se present\u00f3 brevemente a la sala del tribunal de Moncton, despu\u00e9s de escuchar a la fiscal de la Corona y su abogado defensor discutir sobre el tiempo en prisi\u00f3n.<\/p>\n<p>Bourque dijo que tom\u00f3 la &#8220;salida f\u00e1cil&#8221;, comentando que los asesinatos son algo con lo que \u201cvoy a tener que vivir el resto de mi vida\u201d.<\/p>\n<p>&#8220;Lo siento. No hay nada m\u00e1s que decir&#8221;, agreg\u00f3.<\/p>\n<p>Con esto, el tribunal inform\u00f3 de un receso hasta las 2:00 pm de este viernes, cuando Bourque conocer\u00e1 su destino.<\/p>\n<p>El fiscal de la Corona, Cameron Gunn, argument\u00f3 que Bourque cometi\u00f3 &#8220;uno de los cr\u00edmenes m\u00e1s atroces en la historia de Canad\u00e1&#8221; y debe ser enviado a la c\u00e1rcel durante 75 a\u00f1os sin la posibilidad de libertad condicional.<\/p>\n<p>Gunn explic\u00f3 que el tribunal tuvo que dictar una fuerte multa para &#8220;denunciar estos cr\u00edmenes\u201d.<\/p>\n<p>La Corona est\u00e1 buscando la pena m\u00e1xima de tres sentencias consecutivas de 25 a\u00f1os de vida. Eso significar\u00eda que Bourque no ser\u00eda elegible para la libertad condicional durante 75 a\u00f1os y ser\u00eda la pena de prisi\u00f3n m\u00e1s larga en la historia de Canad\u00e1.<\/p>\n<p>La Corona resalt\u00f3 que los intentos de asesinato no son menos importantes al momento de decidir sobre la sentencia.<\/p>\n<p>Hasta 2011, la pena m\u00e1xima a un asesino m\u00faltiple que se podr\u00eda dar en Canad\u00e1 era la vida en prisi\u00f3n sin posibilidad de libertad condicional durante 25 a\u00f1os.<\/p>\n<p>La Corona dijo una sentencia de 25 a\u00f1os ser\u00eda &#8220;completamente inapropiada&#8221;.<\/p>\n<p>Adem\u00e1s, el fiscal de la Corona dijo que hay muy poca historia cl\u00ednica para ser considerada en la sentencia de Bourque, debido a que la ley cambi\u00f3 en 2011.<\/p>\n<p>David Lutz, abogado defensor de Bourque, expres\u00f3 que su cliente ha mostrado remordimiento. Cit\u00f3 que las primeras palabras de Bourque fueron: &#8220;me estoy declarando culpable\u201d.<\/p>\n<p>Revel\u00f3 que su cliente le hab\u00eda dicho a un compa\u00f1ero de trabajo: &#8220;voy a hacer estallar un par&#8221;, refiri\u00e9ndose a los agentes de polic\u00eda en una estaci\u00f3n de combustible.<\/p>\n","protected":false},"excerpt":{"rendered":"<p>El asesinato de tres RCMP y dos heridos, ocurrido en Moncton el pasado junio, por parte de Justin Bourque, solo tuvo como respuesta: \u201clo siento\u201d.<\/p>\n","protected":false},"author":5842,"featured_media":0,"comment_status":"open","ping_status":"open","sticky":false,"template":"","format":"standard","meta":{"footnotes":""},"categories":[21],"tags":[],"class_list":["post-458924","post","type-post","status-publish","format-standard","hentry","category-canada"],"_links":{"self":[{"href":"https:\/\/diarioelpopular.com\/index.php\/wp-json\/wp\/v2\/posts\/458924","targetHints":{"allow":["GET"]}}],"collection":[{"href":"https:\/\/diarioelpopular.com\/index.php\/wp-json\/wp\/v2\/posts"}],"about":[{"href":"https:\/\/diarioelpopular.com\/index.php\/wp-json\/wp\/v2\/types\/post"}],"author":[{"embeddable":true,"href":"https:\/\/diarioelpopular.com\/index.php\/wp-json\/wp\/v2\/users\/5842"}],"replies":[{"embeddable":true,"href":"https:\/\/diarioelpopular.com\/index.php\/wp-json\/wp\/v2\/comments?post=458924"}],"version-history":[{"count":1,"href":"https:\/\/diarioelpopular.com\/index.php\/wp-json\/wp\/v2\/posts\/458924\/revisions"}],"predecessor-version":[{"id":458926,"href":"https:\/\/diarioelpopular.com\/index.php\/wp-json\/wp\/v2\/posts\/458924\/revisions\/458926"}],"wp:attachment":[{"href":"https:\/\/diarioelpopular.com\/index.php\/wp-json\/wp\/v2\/media?parent=458924"}],"wp:term":[{"taxonomy":"category","embeddable":true,"href":"https:\/\/diarioelpopular.com\/index.php\/wp-json\/wp\/v2\/categories?post=458924"},{"taxonomy":"post_tag","embeddable":true,"href":"https:\/\/diarioelpopular.com\/index.php\/wp-json\/wp\/v2\/tags?post=458924"}],"curies":[{"name":"wp","href":"https:\/\/api.w.org\/{rel}","templated":true}]}}