{"id":458992,"date":"2014-11-05T00:05:37","date_gmt":"2014-11-05T05:05:37","guid":{"rendered":"http:\/\/diarioelpopular.com\/?p=458992"},"modified":"2014-11-04T19:58:56","modified_gmt":"2014-11-05T00:58:56","slug":"una-grieta-en-el-elevado-de-les-cedres-causo-cierre-de-autopista-20-este","status":"publish","type":"post","link":"https:\/\/diarioelpopular.com\/index.php\/2014\/11\/05\/una-grieta-en-el-elevado-de-les-cedres-causo-cierre-de-autopista-20-este\/","title":{"rendered":"Una grieta en el elevado de Les Cedres caus\u00f3 cierre de Autopista 20 Este"},"content":{"rendered":"<p>&nbsp;<\/p>\n<div id=\"attachment_458993\" style=\"width: 570px\" class=\"wp-caption aligncenter\"><a href=\"https:\/\/diarioelpopular.com\/wp-content\/uploads\/2014\/11\/foto-1-breves-3-.jpg\"><img loading=\"lazy\" decoding=\"async\" aria-describedby=\"caption-attachment-458993\" class=\"size-large wp-image-458993\" src=\"https:\/\/diarioelpopular.com\/wp-content\/uploads\/2014\/11\/foto-1-breves-3--560x315.jpg\" alt=\"Una grieta oblig\u00f3 a Transporte de Quebec cerrar la Autopista 20 en direcci\u00f3n este. Foto Cortes\u00eda CBC. \" width=\"560\" height=\"315\" \/><\/a><p id=\"caption-attachment-458993\" class=\"wp-caption-text\">Una grieta oblig\u00f3 a Transporte de Quebec cerrar la Autopista 20 en direcci\u00f3n este. Foto Cortes\u00eda CBC.<\/p><\/div>\n<p><strong><em>MONTREAL.-<\/em> <\/strong>Transporte de Quebec inform\u00f3 que el cierre del paso en la Autopista 20 Este se prolongar\u00e1 hasta los pr\u00f3ximos d\u00edas.<\/p>\n<p>Una grieta fue descubierta en el elevado de Les C\u00e8dres, lo que caus\u00f3 la interrupci\u00f3n del tr\u00e1fico desde el este hasta el oeste de Montreal.<\/p>\n<p>Un trabajador descubri\u00f3 la grieta en la acera del elevado cuando las cuadrillas laboraban en la v\u00eda.<\/p>\n<p>El cierre caus\u00f3 tr\u00e1fico que se extendi\u00f3 por al menos cuatro kil\u00f3metros.<\/p>\n<p>Se espera que las tripulaciones se ocupen de la demolici\u00f3n de la acera como medida preventiva.<\/p>\n<p>Los conductores deben tomar un desv\u00edo de 10 kil\u00f3metros en Saint-F\u00e9r\u00e9ol y la Autopista 338.<\/p>\n<p>Los equipos trabajaban en obras en el paso elevado desde septiembre.<\/p>\n","protected":false},"excerpt":{"rendered":"<p>Transporte de Quebec inform\u00f3 que el cierre del paso en la Autopista 20 Este se prolongar\u00e1 hasta los pr\u00f3ximos d\u00edas.<\/p>\n","protected":false},"author":5842,"featured_media":0,"comment_status":"open","ping_status":"open","sticky":false,"template":"","format":"standard","meta":{"footnotes":""},"categories":[21],"tags":[],"class_list":["post-458992","post","type-post","status-publish","format-standard","hentry","category-canada"],"_links":{"self":[{"href":"https:\/\/diarioelpopular.com\/index.php\/wp-json\/wp\/v2\/posts\/458992","targetHints":{"allow":["GET"]}}],"collection":[{"href":"https:\/\/diarioelpopular.com\/index.php\/wp-json\/wp\/v2\/posts"}],"about":[{"href":"https:\/\/diarioelpopular.com\/index.php\/wp-json\/wp\/v2\/types\/post"}],"author":[{"embeddable":true,"href":"https:\/\/diarioelpopular.com\/index.php\/wp-json\/wp\/v2\/users\/5842"}],"replies":[{"embeddable":true,"href":"https:\/\/diarioelpopular.com\/index.php\/wp-json\/wp\/v2\/comments?post=458992"}],"version-history":[{"count":1,"href":"https:\/\/diarioelpopular.com\/index.php\/wp-json\/wp\/v2\/posts\/458992\/revisions"}],"predecessor-version":[{"id":458994,"href":"https:\/\/diarioelpopular.com\/index.php\/wp-json\/wp\/v2\/posts\/458992\/revisions\/458994"}],"wp:attachment":[{"href":"https:\/\/diarioelpopular.com\/index.php\/wp-json\/wp\/v2\/media?parent=458992"}],"wp:term":[{"taxonomy":"category","embeddable":true,"href":"https:\/\/diarioelpopular.com\/index.php\/wp-json\/wp\/v2\/categories?post=458992"},{"taxonomy":"post_tag","embeddable":true,"href":"https:\/\/diarioelpopular.com\/index.php\/wp-json\/wp\/v2\/tags?post=458992"}],"curies":[{"name":"wp","href":"https:\/\/api.w.org\/{rel}","templated":true}]}}