{"id":459013,"date":"2014-11-06T21:06:11","date_gmt":"2014-11-07T02:06:11","guid":{"rendered":"http:\/\/diarioelpopular.com\/?p=459013"},"modified":"2014-11-06T21:06:17","modified_gmt":"2014-11-07T02:06:17","slug":"quebec-presentara-limitado-programa-de-fecundacion-in-vitro","status":"publish","type":"post","link":"https:\/\/diarioelpopular.com\/index.php\/2014\/11\/06\/quebec-presentara-limitado-programa-de-fecundacion-in-vitro\/","title":{"rendered":"Quebec presentar\u00e1 limitado programa de fecundaci\u00f3n in vitro"},"content":{"rendered":"<div id=\"attachment_459014\" style=\"width: 570px\" class=\"wp-caption aligncenter\"><a href=\"https:\/\/diarioelpopular.com\/wp-content\/uploads\/2014\/11\/foto-1-breves-1.jpg\"><img loading=\"lazy\" decoding=\"async\" aria-describedby=\"caption-attachment-459014\" class=\"size-large wp-image-459014\" src=\"https:\/\/diarioelpopular.com\/wp-content\/uploads\/2014\/11\/foto-1-breves-1-560x520.jpg\" alt=\"El programa in vitro de Quebec excluir\u00eda a madres solteras y parejas de lesbianas y gays.\" width=\"560\" height=\"520\" \/><\/a><p id=\"caption-attachment-459014\" class=\"wp-caption-text\">El programa in vitro de Quebec excluir\u00eda a madres solteras y parejas de lesbianas y gays.<\/p><\/div>\n<p><strong><em>MONTREAL.-<\/em><\/strong> El Ministro de Salud, Ga\u00e9tan Barrette, anunciar\u00e1 la revisi\u00f3n del programa de fecundaci\u00f3n in vitro gratuito de la provincia, incluyendo la reforma en financiamiento en el proceso de fertilizaci\u00f3n.<\/p>\n<p>El gobierno liberal anterior comenz\u00f3 el programa en 2010.<\/p>\n<p>Quebec fue la primera provincia en Canad\u00e1 en financiar totalmente los tratamientos de fecundaci\u00f3n in vitro. El programa cont\u00f3 con alta demanda excediendo los montos del presupuesto.<\/p>\n<p>En su previo cargo como Jefe de la Federaci\u00f3n de M\u00e9dicos Especialistas de Quebec, Barrette critic\u00f3 el programa, considerando que no era un servicio esencial.<\/p>\n<p>Actualmente, Barrette intenta limitar el programa a las parejas inf\u00e9rtiles, con ayuda financiera en forma de cr\u00e9ditos fiscales.<\/p>\n<p>Esto significar\u00eda que excluir\u00eda del programa a las madres solteras y las parejas de lesbianas y gays.<\/p>\n<p>La decisi\u00f3n de limitar la ayuda a las parejas inf\u00e9rtiles tendr\u00eda que ser estudiada en un comit\u00e9 de la Asamblea Nacional para asegurarse de que no represente un conflicto con la Carta de Quebec de los Derechos Humanos y de las Libertades.<\/p>\n","protected":false},"excerpt":{"rendered":"<p>El Ministro de Salud, Ga\u00e9tan Barrette, anunciar\u00e1 la revisi\u00f3n del programa de fecundaci\u00f3n in vitro gratuito de la provincia, incluyendo la reforma en financiamiento en el proceso de fertilizaci\u00f3n.<\/p>\n","protected":false},"author":5842,"featured_media":0,"comment_status":"open","ping_status":"open","sticky":false,"template":"","format":"standard","meta":{"footnotes":""},"categories":[21],"tags":[],"class_list":["post-459013","post","type-post","status-publish","format-standard","hentry","category-canada"],"_links":{"self":[{"href":"https:\/\/diarioelpopular.com\/index.php\/wp-json\/wp\/v2\/posts\/459013","targetHints":{"allow":["GET"]}}],"collection":[{"href":"https:\/\/diarioelpopular.com\/index.php\/wp-json\/wp\/v2\/posts"}],"about":[{"href":"https:\/\/diarioelpopular.com\/index.php\/wp-json\/wp\/v2\/types\/post"}],"author":[{"embeddable":true,"href":"https:\/\/diarioelpopular.com\/index.php\/wp-json\/wp\/v2\/users\/5842"}],"replies":[{"embeddable":true,"href":"https:\/\/diarioelpopular.com\/index.php\/wp-json\/wp\/v2\/comments?post=459013"}],"version-history":[{"count":1,"href":"https:\/\/diarioelpopular.com\/index.php\/wp-json\/wp\/v2\/posts\/459013\/revisions"}],"predecessor-version":[{"id":459015,"href":"https:\/\/diarioelpopular.com\/index.php\/wp-json\/wp\/v2\/posts\/459013\/revisions\/459015"}],"wp:attachment":[{"href":"https:\/\/diarioelpopular.com\/index.php\/wp-json\/wp\/v2\/media?parent=459013"}],"wp:term":[{"taxonomy":"category","embeddable":true,"href":"https:\/\/diarioelpopular.com\/index.php\/wp-json\/wp\/v2\/categories?post=459013"},{"taxonomy":"post_tag","embeddable":true,"href":"https:\/\/diarioelpopular.com\/index.php\/wp-json\/wp\/v2\/tags?post=459013"}],"curies":[{"name":"wp","href":"https:\/\/api.w.org\/{rel}","templated":true}]}}