{"id":459053,"date":"2014-11-11T19:05:50","date_gmt":"2014-11-12T00:05:50","guid":{"rendered":"http:\/\/diarioelpopular.com\/?p=459053"},"modified":"2014-11-11T19:05:56","modified_gmt":"2014-11-12T00:05:56","slug":"instagram-lanza-anuncios-en-canada","status":"publish","type":"post","link":"https:\/\/diarioelpopular.com\/index.php\/2014\/11\/11\/instagram-lanza-anuncios-en-canada\/","title":{"rendered":"Instagram lanza anuncios en Canad\u00e1"},"content":{"rendered":"<div id=\"attachment_459054\" style=\"width: 570px\" class=\"wp-caption aligncenter\"><a href=\"https:\/\/diarioelpopular.com\/wp-content\/uploads\/2014\/11\/foto-1-breves-12.jpg\"><img loading=\"lazy\" decoding=\"async\" aria-describedby=\"caption-attachment-459054\" class=\"size-large wp-image-459054\" src=\"https:\/\/diarioelpopular.com\/wp-content\/uploads\/2014\/11\/foto-1-breves-12-560x378.jpg\" alt=\"Instagram iniciar\u00e1 anuncios con Air Canada, Mercedes-Benz y Hudson Bay, entre otros.\" width=\"560\" height=\"378\" \/><\/a><p id=\"caption-attachment-459054\" class=\"wp-caption-text\">Instagram iniciar\u00e1 anuncios con Air Canada, Mercedes-Benz y Hudson Bay, entre otros.<\/p><\/div>\n<p><strong><em>TORONTO.-<\/em> <\/strong>Instagram iniciar\u00e1 el despliegue de anuncios en Canad\u00e1. La plataforma para compartir fotos en l\u00ednea a trav\u00e9s de dispositivos m\u00f3viles, as\u00ed como videos, inform\u00f3 que los usuarios de Canad\u00e1 empezar\u00e1n a ver anuncios junto a sus im\u00e1genes favoritas.<\/p>\n<p>Los usuarios de Instagram en EE.UU., Reino Unido y Australia ya disponen de anuncios en su sistema.<\/p>\n<p>En Canad\u00e1, el debut se inicia con anuncios de fotos de seis marcas: Air Canada, Travel Alberta, Target, Sport Chek, Mercedes-Benz y Hudson Bay.<\/p>\n<p>Usuarios de Canad\u00e1 ver\u00e1n anuncios en las cuentas de sus seguidores y los que gustan. Si las cuentas de Instagram y Facebook est\u00e1n vinculadas, los anuncios tambi\u00e9n estar\u00e1n basados en sus intereses, g\u00e9nero y edad, dijo la compa\u00f1\u00eda.<\/p>\n<p>Usuarios tambi\u00e9n tendr\u00e1n la opci\u00f3n de ocultar anuncios no deseados. Sin embargo, no es posible descartarla por completo.<\/p>\n<p>Facebook adquiri\u00f3 Instagram por $ 1 mil millones en 2012. Desde entonces, se ha duplicado la base de usuarios de Instagram a m\u00e1s de 200 millones de d\u00f3lares.<\/p>\n<p>El n\u00famero de fotograf\u00edas compartidas se ha cuadruplicado m\u00e1s de 20 mil millones. Facebook espera recuperar su inversi\u00f3n.<\/p>\n","protected":false},"excerpt":{"rendered":"<p> Instagram iniciar\u00e1 el despliegue de anuncios en Canad\u00e1. La plataforma para compartir fotos en l\u00ednea a trav\u00e9s de dispositivos m\u00f3viles, as\u00ed como videos, inform\u00f3 que los usuarios de Canad\u00e1 empezar\u00e1n a ver anuncios junto a sus im\u00e1genes favoritas.<\/p>\n","protected":false},"author":5842,"featured_media":0,"comment_status":"open","ping_status":"open","sticky":false,"template":"","format":"standard","meta":{"footnotes":""},"categories":[21],"tags":[],"class_list":["post-459053","post","type-post","status-publish","format-standard","hentry","category-canada"],"_links":{"self":[{"href":"https:\/\/diarioelpopular.com\/index.php\/wp-json\/wp\/v2\/posts\/459053","targetHints":{"allow":["GET"]}}],"collection":[{"href":"https:\/\/diarioelpopular.com\/index.php\/wp-json\/wp\/v2\/posts"}],"about":[{"href":"https:\/\/diarioelpopular.com\/index.php\/wp-json\/wp\/v2\/types\/post"}],"author":[{"embeddable":true,"href":"https:\/\/diarioelpopular.com\/index.php\/wp-json\/wp\/v2\/users\/5842"}],"replies":[{"embeddable":true,"href":"https:\/\/diarioelpopular.com\/index.php\/wp-json\/wp\/v2\/comments?post=459053"}],"version-history":[{"count":1,"href":"https:\/\/diarioelpopular.com\/index.php\/wp-json\/wp\/v2\/posts\/459053\/revisions"}],"predecessor-version":[{"id":459055,"href":"https:\/\/diarioelpopular.com\/index.php\/wp-json\/wp\/v2\/posts\/459053\/revisions\/459055"}],"wp:attachment":[{"href":"https:\/\/diarioelpopular.com\/index.php\/wp-json\/wp\/v2\/media?parent=459053"}],"wp:term":[{"taxonomy":"category","embeddable":true,"href":"https:\/\/diarioelpopular.com\/index.php\/wp-json\/wp\/v2\/categories?post=459053"},{"taxonomy":"post_tag","embeddable":true,"href":"https:\/\/diarioelpopular.com\/index.php\/wp-json\/wp\/v2\/tags?post=459053"}],"curies":[{"name":"wp","href":"https:\/\/api.w.org\/{rel}","templated":true}]}}