{"id":459108,"date":"2014-11-14T00:02:53","date_gmt":"2014-11-14T05:02:53","guid":{"rendered":"http:\/\/diarioelpopular.com\/?p=459108"},"modified":"2014-11-13T19:03:22","modified_gmt":"2014-11-14T00:03:22","slug":"federacion-de-trabajadores-de-quebec-considera-campana-contra-peladeau","status":"publish","type":"post","link":"https:\/\/diarioelpopular.com\/index.php\/2014\/11\/14\/federacion-de-trabajadores-de-quebec-considera-campana-contra-peladeau\/","title":{"rendered":"Federaci\u00f3n de Trabajadores de Quebec considera campa\u00f1a contra Peladeau"},"content":{"rendered":"<div id=\"attachment_459109\" style=\"width: 554px\" class=\"wp-caption aligncenter\"><a href=\"https:\/\/diarioelpopular.com\/wp-content\/uploads\/2014\/11\/foto-1-breves-34.jpg\"><img loading=\"lazy\" decoding=\"async\" aria-describedby=\"caption-attachment-459109\" class=\"size-full wp-image-459109\" src=\"https:\/\/diarioelpopular.com\/wp-content\/uploads\/2014\/11\/foto-1-breves-34.jpg\" alt=\"La federaci\u00f3n laboral cit\u00f3 las dificultades en la relaci\u00f3n de Quebecor con los sindicatos en los \u00faltimos a\u00f1os.\" width=\"544\" height=\"306\" \/><\/a><p id=\"caption-attachment-459109\" class=\"wp-caption-text\">La federaci\u00f3n laboral cit\u00f3 las dificultades en la relaci\u00f3n de Quebecor con los sindicatos en los \u00faltimos a\u00f1os.<\/p><\/div>\n<p><strong><em>QUEBEC.-<\/em> <\/strong>La mayor agrupaci\u00f3n laboral de Quebec anunci\u00f3 que eval\u00faa el lanzamiento de una campa\u00f1a en contra de Pierre Karl Peladeau, si el magnate de los medios de comunicaci\u00f3n decide buscar la direcci\u00f3n de Partido Qu\u00e9b\u00e9cois.<\/p>\n<p>La federaci\u00f3n laboral cit\u00f3 las dificultades en la relaci\u00f3n de Quebecor con los sindicatos en los \u00faltimos a\u00f1os, as\u00ed como la raz\u00f3n de tener otra figura en el PQ.<\/p>\n<p>El l\u00edder laborista, Daniel Boyer, explic\u00f3 que Quebecor decret\u00f3 14 cierres patronales en los \u00faltimos a\u00f1os con Peladeau como accionista mayoritario del conglomerado de medios.<\/p>\n<p>Ese tipo de enfoque, seg\u00fan Boyer, es incompatible con el objetivo de convertirse en el l\u00edder de un partido pol\u00edtico que pregona ser progresista y la izquierda del centro.<\/p>\n<p>Peladeau respondi\u00f3 que no har\u00eda nada diferente si este tipo de situaciones del pasado contin\u00faan.<\/p>\n<p>Dijo que se hicieron sus decisiones para garantizar la supervivencia de su empresa en un momento de cambio masivo en la industria de los medios.<\/p>\n","protected":false},"excerpt":{"rendered":"<p> La mayor agrupaci\u00f3n laboral de Quebec anunci\u00f3 que eval\u00faa el lanzamiento de una campa\u00f1a en contra de Pierre Karl Peladeau, si el magnate de los medios de comunicaci\u00f3n decide buscar la direcci\u00f3n de Partido Qu\u00e9b\u00e9cois.<\/p>\n","protected":false},"author":5842,"featured_media":0,"comment_status":"open","ping_status":"open","sticky":false,"template":"","format":"standard","meta":{"footnotes":""},"categories":[21],"tags":[],"class_list":["post-459108","post","type-post","status-publish","format-standard","hentry","category-canada"],"_links":{"self":[{"href":"https:\/\/diarioelpopular.com\/index.php\/wp-json\/wp\/v2\/posts\/459108","targetHints":{"allow":["GET"]}}],"collection":[{"href":"https:\/\/diarioelpopular.com\/index.php\/wp-json\/wp\/v2\/posts"}],"about":[{"href":"https:\/\/diarioelpopular.com\/index.php\/wp-json\/wp\/v2\/types\/post"}],"author":[{"embeddable":true,"href":"https:\/\/diarioelpopular.com\/index.php\/wp-json\/wp\/v2\/users\/5842"}],"replies":[{"embeddable":true,"href":"https:\/\/diarioelpopular.com\/index.php\/wp-json\/wp\/v2\/comments?post=459108"}],"version-history":[{"count":1,"href":"https:\/\/diarioelpopular.com\/index.php\/wp-json\/wp\/v2\/posts\/459108\/revisions"}],"predecessor-version":[{"id":459110,"href":"https:\/\/diarioelpopular.com\/index.php\/wp-json\/wp\/v2\/posts\/459108\/revisions\/459110"}],"wp:attachment":[{"href":"https:\/\/diarioelpopular.com\/index.php\/wp-json\/wp\/v2\/media?parent=459108"}],"wp:term":[{"taxonomy":"category","embeddable":true,"href":"https:\/\/diarioelpopular.com\/index.php\/wp-json\/wp\/v2\/categories?post=459108"},{"taxonomy":"post_tag","embeddable":true,"href":"https:\/\/diarioelpopular.com\/index.php\/wp-json\/wp\/v2\/tags?post=459108"}],"curies":[{"name":"wp","href":"https:\/\/api.w.org\/{rel}","templated":true}]}}