{"id":459120,"date":"2014-11-14T00:05:31","date_gmt":"2014-11-14T05:05:31","guid":{"rendered":"http:\/\/diarioelpopular.com\/?p=459120"},"modified":"2014-11-18T22:10:22","modified_gmt":"2014-11-19T03:10:22","slug":"vivienda-asequible-entre-las-prioridades-de-tory","status":"publish","type":"post","link":"https:\/\/diarioelpopular.com\/index.php\/2014\/11\/14\/vivienda-asequible-entre-las-prioridades-de-tory\/","title":{"rendered":"VIvienda asequible entre las prioridades de Tory"},"content":{"rendered":"<div id=\"attachment_459121\" style=\"width: 570px\" class=\"wp-caption aligncenter\"><a href=\"https:\/\/diarioelpopular.com\/wp-content\/uploads\/2014\/11\/foto-1-nota-15.jpg\"><img loading=\"lazy\" decoding=\"async\" aria-describedby=\"caption-attachment-459121\" class=\"size-large wp-image-459121\" src=\"https:\/\/diarioelpopular.com\/wp-content\/uploads\/2014\/11\/foto-1-nota-15-560x373.jpg\" alt=\"&quot;Parte de este proceso urgente de atender las vivienda comunitarias de Toronto ser\u00e1 un programa de creaci\u00f3n de empleo, un programa de entrenamiento de habilidades&quot; dijo Tory.\" width=\"560\" height=\"373\" \/><\/a><p id=\"caption-attachment-459121\" class=\"wp-caption-text\">&#8220;Parte de este proceso urgente de atender las vivienda comunitarias de Toronto ser\u00e1 un programa de creaci\u00f3n de empleo, un programa de entrenamiento de habilidades&#8221; dijo Tory.<\/p><\/div>\n<p><strong><em>TORONTO.-<\/em><\/strong> John Tory dijo que la vivienda asequible es uno de los asuntos que mejorar\u00e1 durante su mandato como alcalde, durante su reuni\u00f3n con su consejo asesor de transici\u00f3n.<\/p>\n<p>Al referirse a Toronto Community Housing Corporation, TCHC, el alcalde electo calific\u00f3 los edificios de &#8220;vergonzosos e inaceptables&#8221;, agregando que tiene previsto un grupo de trabajo para atender esta prioridad apenas se convierta oficialmente en alcalde.<\/p>\n<p>&#8220;Las personas van a tener el derecho de decir, al final de los cuatro a\u00f1os de esta administraci\u00f3n, que las cosas son mucho mejores de lo que eran en transporte, vivienda asequible, reparaciones y falta de vivienda\u201d, dijo Tory.<\/p>\n<p>Explic\u00f3 que la ciudad tiene que asociarse con el sector privado y los otros dos niveles de gobierno para resolver esos desaf\u00edos y que ha estado trabajando para conseguir ese apoyo.<\/p>\n<p>&#8220;Al final, todas estas cuestiones tr\u00e1nsito, vivienda\u2026 se trata de personas. Se trata de personas que viven en esa vivienda, las personas que est\u00e1n pasando por el desempleo y que quieren trabajar. Se trata de conseguir personas para los puestos de trabajo\u201d, coment\u00f3.<\/p>\n<p>El a\u00f1o pasado, la ciudad aprob\u00f3 2,6 millones de d\u00f3lares para un plan de 10 a\u00f1os para reparar cientos de edificios deteriorados de TCHC, pero Tory dice que el problema es que otros niveles de gobierno que no se han comprometido a financiar la gran parte de las reparaciones necesarias.<\/p>\n<p>&#8220;Parte de este proceso urgente de atender las vivienda comunitarias de Toronto ser\u00e1 un programa de creaci\u00f3n de empleo, un programa de entrenamiento de habilidades&#8221; dijo Tory.<\/p>\n<p>Antes de la reuni\u00f3n, Tory expres\u00f3 que su equipo, dirigido por el vice alcalde Case Ootes, trabajar\u00e1 para &#8220;tener una ciudad pr\u00f3spera y exitosa, minimizando las dificultades para algunas personas debido a que la ley de la oferta y la demanda que elevan el precio de la vivienda&#8221;, dijo Tory.<\/p>\n<p>La discusi\u00f3n fue la primera de tres reuniones del comit\u00e9 asesor para el equipo de Tory. La pr\u00f3xima semana, el grupo recolectar\u00e1 ideas sobre c\u00f3mo mejorar la congesti\u00f3n del tr\u00e1fico y posteriormente, abordar\u00e1 el plan de tr\u00e1nsito SmartTrack de Tory.<\/p>\n<p>Adem\u00e1s de las reuniones del equipo de transici\u00f3n, el personal del alcalde electo tambi\u00e9n ha estado discutiendo la vivienda y el transporte con los miembros del personal de la provincia.<\/p>\n<p>Ambos equipos analizaron la posibilidad de que provincia asuma parte de los costos de operaci\u00f3n del TTC.<\/p>\n<p>&#8220;Nuestro gobierno seguir\u00e1 haciendo inversiones de capital para mejorar la infraestructura de tr\u00e1nsito de Toronto, incluyendo una inversi\u00f3n $ 416 millones en la renovaci\u00f3n de la flota de tranv\u00edas de Toronto, $ 870 millones para la ampliaci\u00f3n del metro Toronto-York Spadina, $ 5,3 mil millones para el proyecto Eglinton Crosstown, y $ 1.4 mil millones para la ampliaci\u00f3n del metro Bloor-Danforth a Scarborough\u201d, seg\u00fan un comunicado del despacho de la Premier.<\/p>\n<p>El gobierno provincial espera trabajar en conjunto con la alcald\u00eda para construir una red de transporte que conecte Ontario, incluyendo una inversi\u00f3n de $ 15 mil millones en el Gran Toronto y Hamilton Area.<\/p>\n<p>Tory coment\u00f3 que su equipo no ha discutido los costos de operaci\u00f3n de TTC con el personal de Wynne.<\/p>\n<p>&#8220;Hemos comenzado a comprometernos en una amplia variedad de discusiones acerca de c\u00f3mo obtener m\u00e1s ayuda de los otros gobiernos para algunos de los grandes retos de Toronto&#8221;, dijo.<\/p>\n<p>Tory tomar\u00e1 posesi\u00f3n como alcalde el 2 de diciembre.<\/p>\n","protected":false},"excerpt":{"rendered":"<p>El alcalde electo llam\u00f3 a los edificios de TCHC, &#8220;vergonzosos e inaceptables&#8221;, anunciando que se crear\u00e1 un grupo especial de trabajo para buscar soluciones.<\/p>\n","protected":false},"author":5842,"featured_media":0,"comment_status":"open","ping_status":"open","sticky":false,"template":"","format":"standard","meta":{"footnotes":""},"categories":[21],"tags":[],"class_list":["post-459120","post","type-post","status-publish","format-standard","hentry","category-canada"],"_links":{"self":[{"href":"https:\/\/diarioelpopular.com\/index.php\/wp-json\/wp\/v2\/posts\/459120","targetHints":{"allow":["GET"]}}],"collection":[{"href":"https:\/\/diarioelpopular.com\/index.php\/wp-json\/wp\/v2\/posts"}],"about":[{"href":"https:\/\/diarioelpopular.com\/index.php\/wp-json\/wp\/v2\/types\/post"}],"author":[{"embeddable":true,"href":"https:\/\/diarioelpopular.com\/index.php\/wp-json\/wp\/v2\/users\/5842"}],"replies":[{"embeddable":true,"href":"https:\/\/diarioelpopular.com\/index.php\/wp-json\/wp\/v2\/comments?post=459120"}],"version-history":[{"count":1,"href":"https:\/\/diarioelpopular.com\/index.php\/wp-json\/wp\/v2\/posts\/459120\/revisions"}],"predecessor-version":[{"id":459122,"href":"https:\/\/diarioelpopular.com\/index.php\/wp-json\/wp\/v2\/posts\/459120\/revisions\/459122"}],"wp:attachment":[{"href":"https:\/\/diarioelpopular.com\/index.php\/wp-json\/wp\/v2\/media?parent=459120"}],"wp:term":[{"taxonomy":"category","embeddable":true,"href":"https:\/\/diarioelpopular.com\/index.php\/wp-json\/wp\/v2\/categories?post=459120"},{"taxonomy":"post_tag","embeddable":true,"href":"https:\/\/diarioelpopular.com\/index.php\/wp-json\/wp\/v2\/tags?post=459120"}],"curies":[{"name":"wp","href":"https:\/\/api.w.org\/{rel}","templated":true}]}}