{"id":459193,"date":"2014-11-20T18:15:25","date_gmt":"2014-11-20T23:15:25","guid":{"rendered":"http:\/\/diarioelpopular.com\/?p=459193"},"modified":"2014-11-20T18:15:34","modified_gmt":"2014-11-20T23:15:34","slug":"quebec-avanza-hacia-regulacion-para-remover-tatuajes","status":"publish","type":"post","link":"https:\/\/diarioelpopular.com\/index.php\/2014\/11\/20\/quebec-avanza-hacia-regulacion-para-remover-tatuajes\/","title":{"rendered":"Quebec avanza hacia regulaci\u00f3n para remover tatuajes"},"content":{"rendered":"<div id=\"attachment_459194\" style=\"width: 570px\" class=\"wp-caption aligncenter\"><a href=\"https:\/\/diarioelpopular.com\/wp-content\/uploads\/2014\/11\/foto-1-breves-37.jpg\"><img loading=\"lazy\" decoding=\"async\" aria-describedby=\"caption-attachment-459194\" class=\"size-large wp-image-459194\" src=\"https:\/\/diarioelpopular.com\/wp-content\/uploads\/2014\/11\/foto-1-breves-37-560x325.jpg\" alt=\"La eliminaci\u00f3n de tatuajes no est\u00e1 regulada en Canad\u00e1. \" width=\"560\" height=\"325\" \/><\/a><p id=\"caption-attachment-459194\" class=\"wp-caption-text\">La eliminaci\u00f3n de tatuajes no est\u00e1 regulada en Canad\u00e1.<\/p><\/div>\n<p><strong><em>MONTREAL.-<\/em><\/strong> El Colegio de M\u00e9dicos de Quebec confirm\u00f3 un comit\u00e9 despu\u00e9s de las denuncias sobre irregularidades en la eliminaci\u00f3n de tatuajes.<\/p>\n<p>Algunas v\u00edctimas declararon quemaduras de segundo grado y cicatrices permanentes despu\u00e9s de someterse a un procedimiento de eliminaci\u00f3n de tatuajes.<\/p>\n<p>Los integrantes de la comisi\u00f3n trabajar\u00e1n en un proyecto de recomendaciones para el proceso de eliminaci\u00f3n de tatuajes en la provincia. Se espera que el mismo concluya para 2015.<\/p>\n<p>Unas 18 mujeres que emplearon los servicios de un sitio en St-Eustache, Quebec, donde quedaron \u201chorrorizadas\u201d por los procedimientos.<\/p>\n<p>La eliminaci\u00f3n de tatuajes no est\u00e1 regulada en Canad\u00e1. Los operadores no est\u00e1n legalmente obligados a tener una licencia para utilizar perforadores, l\u00e1ser o exfoliadoras de piel.<\/p>\n<p>Los cosm\u00e9ticos vendidos en Canad\u00e1 tienen que cumplir con los requisitos de la Ley de Alimentos y Drogas, pero legalmente, casi cualquier persona tiene derecho a usarlos.<\/p>\n<p>Para el gremio m\u00e9dico de Quebec, mientras que el tatuaje no se considere una pr\u00e1ctica m\u00e9dica, los procedimientos de eliminaci\u00f3n de tatuajes seguir\u00e1n causando da\u00f1os de gravedad.<\/p>\n<p>Igualmente, opinan que un reglamento contribuir\u00e1 a sanear la industria del tatuaje.<\/p>\n","protected":false},"excerpt":{"rendered":"<p>El Colegio de M\u00e9dicos de Quebec confirm\u00f3 un comit\u00e9 despu\u00e9s de las denuncias sobre irregularidades en la eliminaci\u00f3n de tatuajes.<\/p>\n","protected":false},"author":5842,"featured_media":0,"comment_status":"open","ping_status":"open","sticky":false,"template":"","format":"standard","meta":{"footnotes":""},"categories":[21],"tags":[],"class_list":["post-459193","post","type-post","status-publish","format-standard","hentry","category-canada"],"_links":{"self":[{"href":"https:\/\/diarioelpopular.com\/index.php\/wp-json\/wp\/v2\/posts\/459193","targetHints":{"allow":["GET"]}}],"collection":[{"href":"https:\/\/diarioelpopular.com\/index.php\/wp-json\/wp\/v2\/posts"}],"about":[{"href":"https:\/\/diarioelpopular.com\/index.php\/wp-json\/wp\/v2\/types\/post"}],"author":[{"embeddable":true,"href":"https:\/\/diarioelpopular.com\/index.php\/wp-json\/wp\/v2\/users\/5842"}],"replies":[{"embeddable":true,"href":"https:\/\/diarioelpopular.com\/index.php\/wp-json\/wp\/v2\/comments?post=459193"}],"version-history":[{"count":1,"href":"https:\/\/diarioelpopular.com\/index.php\/wp-json\/wp\/v2\/posts\/459193\/revisions"}],"predecessor-version":[{"id":459195,"href":"https:\/\/diarioelpopular.com\/index.php\/wp-json\/wp\/v2\/posts\/459193\/revisions\/459195"}],"wp:attachment":[{"href":"https:\/\/diarioelpopular.com\/index.php\/wp-json\/wp\/v2\/media?parent=459193"}],"wp:term":[{"taxonomy":"category","embeddable":true,"href":"https:\/\/diarioelpopular.com\/index.php\/wp-json\/wp\/v2\/categories?post=459193"},{"taxonomy":"post_tag","embeddable":true,"href":"https:\/\/diarioelpopular.com\/index.php\/wp-json\/wp\/v2\/tags?post=459193"}],"curies":[{"name":"wp","href":"https:\/\/api.w.org\/{rel}","templated":true}]}}