{"id":459216,"date":"2014-11-21T00:03:28","date_gmt":"2014-11-21T05:03:28","guid":{"rendered":"http:\/\/diarioelpopular.com\/?p=459216"},"modified":"2014-11-20T21:06:36","modified_gmt":"2014-11-21T02:06:36","slug":"canada-estados-unidos-y-mexico-retiran-coches-de-bebe-marca-graco","status":"publish","type":"post","link":"https:\/\/diarioelpopular.com\/index.php\/2014\/11\/21\/canada-estados-unidos-y-mexico-retiran-coches-de-bebe-marca-graco\/","title":{"rendered":"Canad\u00e1, Estados Unidos y M\u00e9xico retiran coches de beb\u00e9 marca Graco"},"content":{"rendered":"<p>&nbsp;<\/p>\n<div id=\"attachment_459217\" style=\"width: 570px\" class=\"wp-caption aligncenter\"><a href=\"https:\/\/diarioelpopular.com\/wp-content\/uploads\/2014\/11\/foto-1-breves-38.jpg\"><img loading=\"lazy\" decoding=\"async\" aria-describedby=\"caption-attachment-459217\" class=\"size-large wp-image-459217\" src=\"https:\/\/diarioelpopular.com\/wp-content\/uploads\/2014\/11\/foto-1-breves-38-560x280.jpg\" alt=\"Salud Canad\u00e1 inform\u00f3 que no existen reportes de lesiones en el pa\u00eds, pero varios ni\u00f1os en Estados Unidos han sido lesionados. \" width=\"560\" height=\"280\" \/><\/a><p id=\"caption-attachment-459217\" class=\"wp-caption-text\">Salud Canad\u00e1 inform\u00f3 que no existen reportes de lesiones en el pa\u00eds, pero varios ni\u00f1os en Estados Unidos han sido lesionados.<\/p><\/div>\n<p><strong><em>TORONTO.-<\/em> <\/strong>Salud Canad\u00e1 ha anunciado el retiro del mercado los coches de beb\u00e9 Graco, porque una bisagra plegable en los productos representa un alto riesgo para los dedos de los ni\u00f1os.<\/p>\n<p>El organismo inform\u00f3 que no existen reportes de lesiones en Canad\u00e1, pero varios ni\u00f1os en Estados Unidos han sido lesionados.<\/p>\n<p>El retiro del mercado afecta a ocho modelos de coches de Graco y sistemas de viaje. Los modelos en cuesti\u00f3n son aquellos de un solo ocupante con una cerradura de doble resorte en el lado y un mecanismo de liberaci\u00f3n con una sola mano en el mango.<\/p>\n<p>El retiro incluyen los modelos Aspen, Breeze, Capri, Cirrus, Literider, Sierra y Sterling y cubre los productos vendidos en Canad\u00e1 a partir de agosto 2000 hasta noviembre 2014.<\/p>\n<p>Los propietarios deben ponerse en contacto con la compa\u00f1\u00eda de inmediato para obtener un kit de reparaci\u00f3n gratuito.<\/p>\n<p>Se calcula que m\u00e1s de 200.000 de de los productos han sido comprados en Canad\u00e1.<\/p>\n","protected":false},"excerpt":{"rendered":"<p>Salud Canad\u00e1 ha anunciado el retiro del mercado los coches de beb\u00e9 Graco, porque una bisagra plegable en los productos representa un alto riesgo para los dedos de los ni\u00f1os.<\/p>\n","protected":false},"author":5842,"featured_media":0,"comment_status":"open","ping_status":"open","sticky":false,"template":"","format":"standard","meta":{"footnotes":""},"categories":[21],"tags":[],"class_list":["post-459216","post","type-post","status-publish","format-standard","hentry","category-canada"],"_links":{"self":[{"href":"https:\/\/diarioelpopular.com\/index.php\/wp-json\/wp\/v2\/posts\/459216","targetHints":{"allow":["GET"]}}],"collection":[{"href":"https:\/\/diarioelpopular.com\/index.php\/wp-json\/wp\/v2\/posts"}],"about":[{"href":"https:\/\/diarioelpopular.com\/index.php\/wp-json\/wp\/v2\/types\/post"}],"author":[{"embeddable":true,"href":"https:\/\/diarioelpopular.com\/index.php\/wp-json\/wp\/v2\/users\/5842"}],"replies":[{"embeddable":true,"href":"https:\/\/diarioelpopular.com\/index.php\/wp-json\/wp\/v2\/comments?post=459216"}],"version-history":[{"count":1,"href":"https:\/\/diarioelpopular.com\/index.php\/wp-json\/wp\/v2\/posts\/459216\/revisions"}],"predecessor-version":[{"id":459218,"href":"https:\/\/diarioelpopular.com\/index.php\/wp-json\/wp\/v2\/posts\/459216\/revisions\/459218"}],"wp:attachment":[{"href":"https:\/\/diarioelpopular.com\/index.php\/wp-json\/wp\/v2\/media?parent=459216"}],"wp:term":[{"taxonomy":"category","embeddable":true,"href":"https:\/\/diarioelpopular.com\/index.php\/wp-json\/wp\/v2\/categories?post=459216"},{"taxonomy":"post_tag","embeddable":true,"href":"https:\/\/diarioelpopular.com\/index.php\/wp-json\/wp\/v2\/tags?post=459216"}],"curies":[{"name":"wp","href":"https:\/\/api.w.org\/{rel}","templated":true}]}}