{"id":459231,"date":"2014-11-26T00:01:33","date_gmt":"2014-11-26T05:01:33","guid":{"rendered":"http:\/\/diarioelpopular.com\/?p=459231"},"modified":"2014-11-25T21:42:05","modified_gmt":"2014-11-26T02:42:05","slug":"clausura-del-2do-seminario-la-voz-de-la-comunicacion-alternativa","status":"publish","type":"post","link":"https:\/\/diarioelpopular.com\/index.php\/2014\/11\/26\/clausura-del-2do-seminario-la-voz-de-la-comunicacion-alternativa\/","title":{"rendered":"Clausura del 2do. Seminario \u201cLa Voz de la Comunicaci\u00f3n Alternativa\u201d"},"content":{"rendered":"<div id=\"attachment_459232\" style=\"width: 570px\" class=\"wp-caption aligncenter\"><a href=\"https:\/\/diarioelpopular.com\/wp-content\/uploads\/2014\/11\/D3S4804.jpg\"><img loading=\"lazy\" decoding=\"async\" aria-describedby=\"caption-attachment-459232\" class=\"size-large wp-image-459232\" src=\"https:\/\/diarioelpopular.com\/wp-content\/uploads\/2014\/11\/D3S4804-560x304.jpg\" alt=\"Gr\u00e1fica de todos los galardonados por su apoyo a la radio.\" width=\"560\" height=\"304\" \/><\/a><p id=\"caption-attachment-459232\" class=\"wp-caption-text\">Gr\u00e1fica de todos los galardonados por su apoyo a la radio.<\/p><\/div>\n<p>Por VICTOR AGUILAR<\/p>\n<p>TORONTO.- Como parte de la celebraci\u00f3n del <strong>d\u00e9cimo aniversario de la Radio Voces Latinas 1610AM<\/strong>, se realiz\u00f3 el segundo seminario \u201c<strong>La Voz de la Comunicaci\u00f3n Alternativa<\/strong>\u201d con la participaci\u00f3n especial de <strong>Jos\u00e9 Ignacio L\u00f3pez Vigil<\/strong> (Fundador de la Asociaci\u00f3n Mundial de Radios Comunitarias) y <strong>Shelly Robinson<\/strong> (Directora Ejecutiva del Campus Nacional y la Asociaci\u00f3n de Radios Comunitarias).<\/p>\n<p>El seminario que tuvo una <strong>duraci\u00f3n de cinco d\u00edas<\/strong>, se realiz\u00f3 en la <strong>Universidad de Ryerson<\/strong> y el <strong>Centro Comunitario San Lorenzo<\/strong>, finaliz\u00f3 el d\u00eda de hoy 21 de noviembre con la <strong>entrega de diplomas a los participantes<\/strong>. As\u00ed mismo se entregaron <strong>reconocimientos a los medios de comunicaci\u00f3n local, incluyendo el personal que labora en la radio, un periodista del Toronto Star <\/strong>y algunos empresarios, que de alguna manera u otra han colaborado con la radio durante estos diez a\u00f1os de estar al aire.<\/p>\n<p><strong>Radio Voces Latinas 1610 AM<\/strong>,<strong> la primera emisora de radio hispanoparlante en Canad\u00e1<\/strong> que se consolida como el \u00fanico medio de <strong>difusi\u00f3n diaria de nuestra herencia cultural<\/strong>, dando espacio a las diferentes comunidades a lo largo de Ontario, adem\u00e1s de ofrecer su apoyo incondicional a los artistas locales.<a href=\"https:\/\/diarioelpopular.com\/wp-content\/uploads\/2014\/11\/D3S4803.jpg\"><img loading=\"lazy\" decoding=\"async\" class=\"aligncenter size-large wp-image-459253\" src=\"https:\/\/diarioelpopular.com\/wp-content\/uploads\/2014\/11\/D3S4803-560x311.jpg\" alt=\"_D3S4803\" width=\"560\" height=\"311\" \/><\/a><a href=\"https:\/\/diarioelpopular.com\/wp-content\/uploads\/2014\/11\/D3S4802.jpg\"><img loading=\"lazy\" decoding=\"async\" class=\"aligncenter size-large wp-image-459252\" src=\"https:\/\/diarioelpopular.com\/wp-content\/uploads\/2014\/11\/D3S4802-560x356.jpg\" alt=\"_D3S4802\" width=\"560\" height=\"356\" \/><\/a><a href=\"https:\/\/diarioelpopular.com\/wp-content\/uploads\/2014\/11\/D3S4791.jpg\"><img loading=\"lazy\" decoding=\"async\" class=\"aligncenter size-large wp-image-459251\" src=\"https:\/\/diarioelpopular.com\/wp-content\/uploads\/2014\/11\/D3S4791-560x364.jpg\" alt=\"_D3S4791\" width=\"560\" height=\"364\" \/><\/a><a href=\"https:\/\/diarioelpopular.com\/wp-content\/uploads\/2014\/11\/D3S4790.jpg\"><img loading=\"lazy\" decoding=\"async\" class=\"aligncenter size-large wp-image-459250\" src=\"https:\/\/diarioelpopular.com\/wp-content\/uploads\/2014\/11\/D3S4790-560x285.jpg\" alt=\"_D3S4790\" width=\"560\" height=\"285\" \/><\/a><a href=\"https:\/\/diarioelpopular.com\/wp-content\/uploads\/2014\/11\/D3S4789.jpg\"><img loading=\"lazy\" decoding=\"async\" class=\"aligncenter size-large wp-image-459249\" src=\"https:\/\/diarioelpopular.com\/wp-content\/uploads\/2014\/11\/D3S4789-560x334.jpg\" alt=\"_D3S4789\" width=\"560\" height=\"334\" \/><\/a><a href=\"https:\/\/diarioelpopular.com\/wp-content\/uploads\/2014\/11\/D3S4785.jpg\"><img loading=\"lazy\" decoding=\"async\" class=\"aligncenter size-large wp-image-459248\" src=\"https:\/\/diarioelpopular.com\/wp-content\/uploads\/2014\/11\/D3S4785-560x357.jpg\" alt=\"_D3S4785\" width=\"560\" height=\"357\" \/><\/a><a href=\"https:\/\/diarioelpopular.com\/wp-content\/uploads\/2014\/11\/D3S4781.jpg\"><img loading=\"lazy\" decoding=\"async\" class=\"aligncenter size-large wp-image-459247\" src=\"https:\/\/diarioelpopular.com\/wp-content\/uploads\/2014\/11\/D3S4781-560x338.jpg\" alt=\"_D3S4781\" width=\"560\" height=\"338\" \/><\/a><a href=\"https:\/\/diarioelpopular.com\/wp-content\/uploads\/2014\/11\/D3S4777.jpg\"><img loading=\"lazy\" decoding=\"async\" class=\"aligncenter size-large wp-image-459246\" src=\"https:\/\/diarioelpopular.com\/wp-content\/uploads\/2014\/11\/D3S4777-560x341.jpg\" alt=\"_D3S4777\" width=\"560\" height=\"341\" \/><\/a><a href=\"https:\/\/diarioelpopular.com\/wp-content\/uploads\/2014\/11\/D3S4772.jpg\"><img loading=\"lazy\" decoding=\"async\" class=\"aligncenter size-large wp-image-459245\" src=\"https:\/\/diarioelpopular.com\/wp-content\/uploads\/2014\/11\/D3S4772-560x316.jpg\" alt=\"_D3S4772\" width=\"560\" height=\"316\" \/><\/a><a href=\"https:\/\/diarioelpopular.com\/wp-content\/uploads\/2014\/11\/D3S4771.jpg\"><img loading=\"lazy\" decoding=\"async\" class=\"aligncenter size-large wp-image-459244\" src=\"https:\/\/diarioelpopular.com\/wp-content\/uploads\/2014\/11\/D3S4771-560x323.jpg\" alt=\"_D3S4771\" width=\"560\" height=\"323\" \/><\/a><a href=\"https:\/\/diarioelpopular.com\/wp-content\/uploads\/2014\/11\/D3S4770.jpg\"><img loading=\"lazy\" decoding=\"async\" class=\"aligncenter size-large wp-image-459243\" src=\"https:\/\/diarioelpopular.com\/wp-content\/uploads\/2014\/11\/D3S4770-560x348.jpg\" alt=\"_D3S4770\" width=\"560\" height=\"348\" \/><\/a><a href=\"https:\/\/diarioelpopular.com\/wp-content\/uploads\/2014\/11\/D3S4768.jpg\"><img loading=\"lazy\" decoding=\"async\" class=\"aligncenter size-large wp-image-459242\" src=\"https:\/\/diarioelpopular.com\/wp-content\/uploads\/2014\/11\/D3S4768-560x320.jpg\" alt=\"_D3S4768\" width=\"560\" height=\"320\" \/><\/a><a href=\"https:\/\/diarioelpopular.com\/wp-content\/uploads\/2014\/11\/D3S4766.jpg\"><img loading=\"lazy\" decoding=\"async\" class=\"aligncenter size-large wp-image-459241\" src=\"https:\/\/diarioelpopular.com\/wp-content\/uploads\/2014\/11\/D3S4766-560x305.jpg\" alt=\"_D3S4766\" width=\"560\" height=\"305\" \/><\/a><a href=\"https:\/\/diarioelpopular.com\/wp-content\/uploads\/2014\/11\/D3S4758.jpg\"><img loading=\"lazy\" decoding=\"async\" class=\"aligncenter size-large wp-image-459240\" src=\"https:\/\/diarioelpopular.com\/wp-content\/uploads\/2014\/11\/D3S4758-560x372.jpg\" alt=\"_D3S4758\" width=\"560\" height=\"372\" \/><\/a><a href=\"https:\/\/diarioelpopular.com\/wp-content\/uploads\/2014\/11\/D3S4757.jpg\"><img loading=\"lazy\" decoding=\"async\" class=\"aligncenter size-large wp-image-459239\" src=\"https:\/\/diarioelpopular.com\/wp-content\/uploads\/2014\/11\/D3S4757-560x325.jpg\" alt=\"_D3S4757\" width=\"560\" height=\"325\" \/><\/a><a href=\"https:\/\/diarioelpopular.com\/wp-content\/uploads\/2014\/11\/D3S4756.jpg\"><img loading=\"lazy\" decoding=\"async\" class=\"aligncenter size-large wp-image-459238\" src=\"https:\/\/diarioelpopular.com\/wp-content\/uploads\/2014\/11\/D3S4756-560x328.jpg\" alt=\"_D3S4756\" width=\"560\" height=\"328\" \/><\/a><a href=\"https:\/\/diarioelpopular.com\/wp-content\/uploads\/2014\/11\/D3S4754.jpg\"><img loading=\"lazy\" decoding=\"async\" class=\"aligncenter size-large wp-image-459237\" src=\"https:\/\/diarioelpopular.com\/wp-content\/uploads\/2014\/11\/D3S4754-560x336.jpg\" alt=\"_D3S4754\" width=\"560\" height=\"336\" \/><\/a><a href=\"https:\/\/diarioelpopular.com\/wp-content\/uploads\/2014\/11\/D3S4753.jpg\"><img loading=\"lazy\" decoding=\"async\" class=\"aligncenter size-large wp-image-459236\" src=\"https:\/\/diarioelpopular.com\/wp-content\/uploads\/2014\/11\/D3S4753-560x359.jpg\" alt=\"_D3S4753\" width=\"560\" height=\"359\" \/><\/a><a href=\"https:\/\/diarioelpopular.com\/wp-content\/uploads\/2014\/11\/D3S4752.jpg\"><img loading=\"lazy\" decoding=\"async\" class=\"aligncenter size-large wp-image-459235\" src=\"https:\/\/diarioelpopular.com\/wp-content\/uploads\/2014\/11\/D3S4752-560x373.jpg\" alt=\"_D3S4752\" width=\"560\" height=\"373\" \/><\/a><a href=\"https:\/\/diarioelpopular.com\/wp-content\/uploads\/2014\/11\/D3S4750.jpg\"><img loading=\"lazy\" decoding=\"async\" class=\"aligncenter size-large wp-image-459234\" src=\"https:\/\/diarioelpopular.com\/wp-content\/uploads\/2014\/11\/D3S4750-560x336.jpg\" alt=\"_D3S4750\" width=\"560\" height=\"336\" \/><\/a><a href=\"https:\/\/diarioelpopular.com\/wp-content\/uploads\/2014\/11\/D3S4748.jpg\"><img loading=\"lazy\" decoding=\"async\" class=\"aligncenter size-large wp-image-459233\" src=\"https:\/\/diarioelpopular.com\/wp-content\/uploads\/2014\/11\/D3S4748-560x343.jpg\" alt=\"_D3S4748\" width=\"560\" height=\"343\" \/><\/a><\/p>\n<p>&nbsp;<\/p>\n","protected":false},"excerpt":{"rendered":"<p>Como parte de la celebraci\u00f3n del d\u00e9cimo aniversario de la Radio Voces Latinas 1610AM, se realiz\u00f3 el segundo seminario \u201cLa Voz de la Comunicaci\u00f3n Alternativa\u201d <\/p>\n","protected":false},"author":5842,"featured_media":0,"comment_status":"open","ping_status":"open","sticky":false,"template":"","format":"standard","meta":{"footnotes":""},"categories":[21],"tags":[],"class_list":["post-459231","post","type-post","status-publish","format-standard","hentry","category-canada"],"_links":{"self":[{"href":"https:\/\/diarioelpopular.com\/index.php\/wp-json\/wp\/v2\/posts\/459231","targetHints":{"allow":["GET"]}}],"collection":[{"href":"https:\/\/diarioelpopular.com\/index.php\/wp-json\/wp\/v2\/posts"}],"about":[{"href":"https:\/\/diarioelpopular.com\/index.php\/wp-json\/wp\/v2\/types\/post"}],"author":[{"embeddable":true,"href":"https:\/\/diarioelpopular.com\/index.php\/wp-json\/wp\/v2\/users\/5842"}],"replies":[{"embeddable":true,"href":"https:\/\/diarioelpopular.com\/index.php\/wp-json\/wp\/v2\/comments?post=459231"}],"version-history":[{"count":1,"href":"https:\/\/diarioelpopular.com\/index.php\/wp-json\/wp\/v2\/posts\/459231\/revisions"}],"predecessor-version":[{"id":459254,"href":"https:\/\/diarioelpopular.com\/index.php\/wp-json\/wp\/v2\/posts\/459231\/revisions\/459254"}],"wp:attachment":[{"href":"https:\/\/diarioelpopular.com\/index.php\/wp-json\/wp\/v2\/media?parent=459231"}],"wp:term":[{"taxonomy":"category","embeddable":true,"href":"https:\/\/diarioelpopular.com\/index.php\/wp-json\/wp\/v2\/categories?post=459231"},{"taxonomy":"post_tag","embeddable":true,"href":"https:\/\/diarioelpopular.com\/index.php\/wp-json\/wp\/v2\/tags?post=459231"}],"curies":[{"name":"wp","href":"https:\/\/api.w.org\/{rel}","templated":true}]}}