{"id":459273,"date":"2014-11-26T00:05:40","date_gmt":"2014-11-26T05:05:40","guid":{"rendered":"http:\/\/diarioelpopular.com\/?p=459273"},"modified":"2014-11-25T21:56:19","modified_gmt":"2014-11-26T02:56:19","slug":"vias-de-toronto-seran-mas-estrechas-para-frenar-a-los-conductores","status":"publish","type":"post","link":"https:\/\/diarioelpopular.com\/index.php\/2014\/11\/26\/vias-de-toronto-seran-mas-estrechas-para-frenar-a-los-conductores\/","title":{"rendered":"V\u00edas de Toronto ser\u00e1n m\u00e1s estrechas para frenar a los conductores"},"content":{"rendered":"<div id=\"attachment_459274\" style=\"width: 570px\" class=\"wp-caption aligncenter\"><a href=\"https:\/\/diarioelpopular.com\/wp-content\/uploads\/2014\/11\/foto-1-breves-310.jpg\"><img loading=\"lazy\" decoding=\"async\" aria-describedby=\"caption-attachment-459274\" class=\"size-large wp-image-459274\" src=\"https:\/\/diarioelpopular.com\/wp-content\/uploads\/2014\/11\/foto-1-breves-310-560x315.jpg\" alt=\"La reducci\u00f3n del ancho del carril obligar\u00eda a los conductores reducir la velocidad autom\u00e1ticamente. Foto Cortes\u00eda CTV.\" width=\"560\" height=\"315\" \/><\/a><p id=\"caption-attachment-459274\" class=\"wp-caption-text\">La reducci\u00f3n del ancho del carril obligar\u00eda a los conductores reducir la velocidad autom\u00e1ticamente. Foto Cortes\u00eda CTV.<\/p><\/div>\n<p><strong><em>TORONTO.-<\/em><\/strong> Varias de las v\u00edas de circulaci\u00f3n de la ciudad ser\u00e1n sometidas a trabajos de reconstrucci\u00f3n en un intento de aumentar la seguridad y reducir la velocidad de los conductores.<\/p>\n<p>Bajo la premisa de que el ancho de los canales hace que los conductores incurran en exceso de velocidad, porque tienen un espacio considerable para su veh\u00edculo.<\/p>\n<p>La reducci\u00f3n del ancho del carril obligar\u00eda a los conductores reducir la velocidad autom\u00e1ticamente, ya que tendr\u00edan menos espacio para maniobrar de ambos lados, de acuerdo con la nueva pol\u00edtica de la Alcald\u00eda de Toronto.<\/p>\n<p>Los carriles se reducir\u00e1n mediante la adici\u00f3n de carriles destinados a ciclistas o ampliando las aceras, por lo que los carriles tendr\u00e1n entre 3 y 4,3 metros de ancho.<\/p>\n<p>En las zonas con menos tr\u00e1fico de bicicletas y circulaci\u00f3n de peatones, los canales se estrechar\u00e1n a\u00f1adiendo uno mediano.<\/p>\n<p>Los cambios se pondr\u00e1n en marcha durante los pr\u00f3ximos a\u00f1os, como parte de los proyectos de restauraci\u00f3n de calles en toda la ciudad.<\/p>\n","protected":false},"excerpt":{"rendered":"<p>Varias de las v\u00edas de circulaci\u00f3n de la ciudad ser\u00e1n sometidas a trabajos de reconstrucci\u00f3n en un intento de aumentar la seguridad y reducir la velocidad de los conductores.<\/p>\n","protected":false},"author":5842,"featured_media":0,"comment_status":"open","ping_status":"open","sticky":false,"template":"","format":"standard","meta":{"footnotes":""},"categories":[21],"tags":[],"class_list":["post-459273","post","type-post","status-publish","format-standard","hentry","category-canada"],"_links":{"self":[{"href":"https:\/\/diarioelpopular.com\/index.php\/wp-json\/wp\/v2\/posts\/459273","targetHints":{"allow":["GET"]}}],"collection":[{"href":"https:\/\/diarioelpopular.com\/index.php\/wp-json\/wp\/v2\/posts"}],"about":[{"href":"https:\/\/diarioelpopular.com\/index.php\/wp-json\/wp\/v2\/types\/post"}],"author":[{"embeddable":true,"href":"https:\/\/diarioelpopular.com\/index.php\/wp-json\/wp\/v2\/users\/5842"}],"replies":[{"embeddable":true,"href":"https:\/\/diarioelpopular.com\/index.php\/wp-json\/wp\/v2\/comments?post=459273"}],"version-history":[{"count":1,"href":"https:\/\/diarioelpopular.com\/index.php\/wp-json\/wp\/v2\/posts\/459273\/revisions"}],"predecessor-version":[{"id":459275,"href":"https:\/\/diarioelpopular.com\/index.php\/wp-json\/wp\/v2\/posts\/459273\/revisions\/459275"}],"wp:attachment":[{"href":"https:\/\/diarioelpopular.com\/index.php\/wp-json\/wp\/v2\/media?parent=459273"}],"wp:term":[{"taxonomy":"category","embeddable":true,"href":"https:\/\/diarioelpopular.com\/index.php\/wp-json\/wp\/v2\/categories?post=459273"},{"taxonomy":"post_tag","embeddable":true,"href":"https:\/\/diarioelpopular.com\/index.php\/wp-json\/wp\/v2\/tags?post=459273"}],"curies":[{"name":"wp","href":"https:\/\/api.w.org\/{rel}","templated":true}]}}