{"id":459293,"date":"2014-11-27T19:26:14","date_gmt":"2014-11-28T00:26:14","guid":{"rendered":"http:\/\/diarioelpopular.com\/?p=459293"},"modified":"2014-11-27T19:26:23","modified_gmt":"2014-11-28T00:26:23","slug":"stm-incorporara-aumento-en-la-tarifa-de-transito-para-2015","status":"publish","type":"post","link":"https:\/\/diarioelpopular.com\/index.php\/2014\/11\/27\/stm-incorporara-aumento-en-la-tarifa-de-transito-para-2015\/","title":{"rendered":"STM incorporar\u00e1 aumento en la tarifa de tr\u00e1nsito para 2015"},"content":{"rendered":"<div id=\"attachment_459294\" style=\"width: 570px\" class=\"wp-caption aligncenter\"><a href=\"https:\/\/diarioelpopular.com\/wp-content\/uploads\/2014\/11\/foto-1-breves-21.png\"><img loading=\"lazy\" decoding=\"async\" aria-describedby=\"caption-attachment-459294\" class=\"size-large wp-image-459294\" src=\"https:\/\/diarioelpopular.com\/wp-content\/uploads\/2014\/11\/foto-1-breves-21-560x420.png\" alt=\"La tarifa regular subir\u00e1 a $ 3,25, siendo el monto actual $ 3.\" width=\"560\" height=\"420\" \/><\/a><p id=\"caption-attachment-459294\" class=\"wp-caption-text\">La tarifa regular subir\u00e1 a $ 3,25, siendo el monto actual $ 3.<\/p><\/div>\n<p><strong><em>MONTREAL.-<\/em><\/strong> La Sociedad de Transporte Montreal, STM, inform\u00f3 que los usuarios del transporte p\u00fablico de la ciudad enfrentar\u00e1n un incremento en las tarifas.<\/p>\n<p>STM anunci\u00f3 que el aumento entrar\u00e1 en vigencia a partir del 2015.<\/p>\n<p>La tarifa regular subir\u00e1 a $ 3,25, siendo el monto actual $ 3.<\/p>\n<p>Mientras que la tarifa mensual se ubicar\u00e1 en $ 82. Durante el 2014, se mantuvo en $ 79,50.<\/p>\n<p>La tarifa reducida tambi\u00e9n fue afectada por el incremento. Aquellos usuarios entre 6 y 17 a\u00f1os, y mayores de 65 a\u00f1os, pagar\u00e1n $ 2,25, en lugar de la actual tarifa de $ 2.<\/p>\n<p>Igualmente, los pases mensuales tambi\u00e9n subir\u00e1n para los pasajeros de tarifa reducida, pasar\u00e1n de $ 47,25 a $ 49,25.<\/p>\n","protected":false},"excerpt":{"rendered":"<p>La Sociedad de Transporte Montreal, STM, inform\u00f3 que los usuarios del transporte p\u00fablico de la ciudad enfrentar\u00e1n un incremento en las tarifas.<\/p>\n","protected":false},"author":5842,"featured_media":0,"comment_status":"open","ping_status":"open","sticky":false,"template":"","format":"standard","meta":{"footnotes":""},"categories":[21],"tags":[],"class_list":["post-459293","post","type-post","status-publish","format-standard","hentry","category-canada"],"_links":{"self":[{"href":"https:\/\/diarioelpopular.com\/index.php\/wp-json\/wp\/v2\/posts\/459293","targetHints":{"allow":["GET"]}}],"collection":[{"href":"https:\/\/diarioelpopular.com\/index.php\/wp-json\/wp\/v2\/posts"}],"about":[{"href":"https:\/\/diarioelpopular.com\/index.php\/wp-json\/wp\/v2\/types\/post"}],"author":[{"embeddable":true,"href":"https:\/\/diarioelpopular.com\/index.php\/wp-json\/wp\/v2\/users\/5842"}],"replies":[{"embeddable":true,"href":"https:\/\/diarioelpopular.com\/index.php\/wp-json\/wp\/v2\/comments?post=459293"}],"version-history":[{"count":1,"href":"https:\/\/diarioelpopular.com\/index.php\/wp-json\/wp\/v2\/posts\/459293\/revisions"}],"predecessor-version":[{"id":459295,"href":"https:\/\/diarioelpopular.com\/index.php\/wp-json\/wp\/v2\/posts\/459293\/revisions\/459295"}],"wp:attachment":[{"href":"https:\/\/diarioelpopular.com\/index.php\/wp-json\/wp\/v2\/media?parent=459293"}],"wp:term":[{"taxonomy":"category","embeddable":true,"href":"https:\/\/diarioelpopular.com\/index.php\/wp-json\/wp\/v2\/categories?post=459293"},{"taxonomy":"post_tag","embeddable":true,"href":"https:\/\/diarioelpopular.com\/index.php\/wp-json\/wp\/v2\/tags?post=459293"}],"curies":[{"name":"wp","href":"https:\/\/api.w.org\/{rel}","templated":true}]}}