{"id":459299,"date":"2014-11-28T00:01:31","date_gmt":"2014-11-28T05:01:31","guid":{"rendered":"http:\/\/diarioelpopular.com\/?p=459299"},"modified":"2014-11-27T19:32:24","modified_gmt":"2014-11-28T00:32:24","slug":"harper-nombro-abogada-de-quebec-para-vacante-de-la-corte-suprema-de-canada","status":"publish","type":"post","link":"https:\/\/diarioelpopular.com\/index.php\/2014\/11\/28\/harper-nombro-abogada-de-quebec-para-vacante-de-la-corte-suprema-de-canada\/","title":{"rendered":"Harper nombr\u00f3 abogada de Quebec para vacante de la Corte Suprema de Canad\u00e1"},"content":{"rendered":"<div id=\"attachment_459300\" style=\"width: 570px\" class=\"wp-caption aligncenter\"><a href=\"https:\/\/diarioelpopular.com\/wp-content\/uploads\/2014\/11\/foto-1-nota-29.jpg\"><img loading=\"lazy\" decoding=\"async\" aria-describedby=\"caption-attachment-459300\" class=\"size-large wp-image-459300\" src=\"https:\/\/diarioelpopular.com\/wp-content\/uploads\/2014\/11\/foto-1-nota-29-560x432.jpg\" alt=\"Suzanne Cote se convirti\u00f3 en la primera mujer de ejercicio privado del derecho, en la Corte Suprema de Canad\u00e1. Foto Cortes\u00eda The Canadian Press.\" width=\"560\" height=\"432\" \/><\/a><p id=\"caption-attachment-459300\" class=\"wp-caption-text\">Suzanne Cote se convirti\u00f3 en la primera mujer de ejercicio privado del derecho, en la Corte Suprema de Canad\u00e1. Foto Cortes\u00eda The Canadian Press.<\/p><\/div>\n<p><strong><em>OTTAWA.-<\/em><\/strong> Una abogada con trayectoria en Quebec ha sido nombrada para cubrir una vacante en el banquillo de la Corte Suprema de Canad\u00e1.<\/p>\n<p>Suzanne Cote, quien ha sido miembro de la grada de Quebec desde 1981, es la primera mujer de la pr\u00e1ctica privada nombrada directamente por el Primer Ministro, Stephen Harper, para la Corte Suprema de Canad\u00e1.<\/p>\n<p>La profesional encabeza un grupo de litigio de Montreal en la firma de abogados Osler, Hoskin y Harcourt LLP. Tiene una licenciatura en Derecho de la Universidad Laval y dicta conferencias en la Universidad de Quebec, en Rimouski, y la Universidad de Montreal.<\/p>\n<p>Cote, cuyo nombramiento es efectivo a partir del 1ero.de diciembre, va a ocupar un lugar en el banco de nueve miembros que se abrir\u00e1 el 30 de noviembre, con la jubilaci\u00f3n del Juez Magistrado Louis LeBel.<\/p>\n<p>&#8220;Me complace anunciar el nombramiento de Suzanne Coste a la Corte Suprema de Canad\u00e1&#8221;, de acuerdo a un comunicado del despacho del Primer Ministro, Stephen Harper.<\/p>\n<p>&#8220;Coste ser\u00e1 un gran beneficio para esta importante instituci\u00f3n canadiense, por sus amplios conocimientos jur\u00eddicos y d\u00e9cadas de experiencia. Su nombramiento es el resultado de amplias consultas con destacados miembros de la comunidad jur\u00eddica de Quebec y creemos que ser\u00e1 una valiosa adici\u00f3n a la m\u00e1xima corte de Canad\u00e1&#8221;.<\/p>\n<p>Los conservadores explicaron que consultaron al gobierno provincial de Quebec, el Presidente del Tribunal Supremo de Canad\u00e1, Beverley McLachlin; el Presidente del Tribunal Supremo de Quebec, as\u00ed como al jefe de justicia de la corte superior de la provincia, el Colegio de Abogados de Canad\u00e1 y la asociaci\u00f3n gremial de Quebec.<\/p>\n<p>A principios de este a\u00f1o, la Corte Suprema rechaz\u00f3 la selecci\u00f3n de Marc Nadon, por parte de Harper, para unirse a los jueces del alto tribunal, argumentando que no cumpl\u00eda con sus criterios de elegibilidad.<\/p>\n<p>La promoci\u00f3n de Nadon desde la Corte Federal de Apelaciones fue declarada v\u00e1lida, en marzo, en el recinto debido a que violaba las disposiciones espec\u00edficas de Quebec, contempladas en la Ley del Tribunal Supremo.<\/p>\n","protected":false},"excerpt":{"rendered":"<p>El Primer Ministro de Canad\u00e1 design\u00f3 a Suzanne Cote, quien se convirti\u00f3 en la primera mujer del ejercicio privado del derecho nombrada para el m\u00e1ximo tribunal.<\/p>\n","protected":false},"author":5842,"featured_media":0,"comment_status":"open","ping_status":"open","sticky":false,"template":"","format":"standard","meta":{"footnotes":""},"categories":[21],"tags":[],"class_list":["post-459299","post","type-post","status-publish","format-standard","hentry","category-canada"],"_links":{"self":[{"href":"https:\/\/diarioelpopular.com\/index.php\/wp-json\/wp\/v2\/posts\/459299","targetHints":{"allow":["GET"]}}],"collection":[{"href":"https:\/\/diarioelpopular.com\/index.php\/wp-json\/wp\/v2\/posts"}],"about":[{"href":"https:\/\/diarioelpopular.com\/index.php\/wp-json\/wp\/v2\/types\/post"}],"author":[{"embeddable":true,"href":"https:\/\/diarioelpopular.com\/index.php\/wp-json\/wp\/v2\/users\/5842"}],"replies":[{"embeddable":true,"href":"https:\/\/diarioelpopular.com\/index.php\/wp-json\/wp\/v2\/comments?post=459299"}],"version-history":[{"count":1,"href":"https:\/\/diarioelpopular.com\/index.php\/wp-json\/wp\/v2\/posts\/459299\/revisions"}],"predecessor-version":[{"id":459301,"href":"https:\/\/diarioelpopular.com\/index.php\/wp-json\/wp\/v2\/posts\/459299\/revisions\/459301"}],"wp:attachment":[{"href":"https:\/\/diarioelpopular.com\/index.php\/wp-json\/wp\/v2\/media?parent=459299"}],"wp:term":[{"taxonomy":"category","embeddable":true,"href":"https:\/\/diarioelpopular.com\/index.php\/wp-json\/wp\/v2\/categories?post=459299"},{"taxonomy":"post_tag","embeddable":true,"href":"https:\/\/diarioelpopular.com\/index.php\/wp-json\/wp\/v2\/tags?post=459299"}],"curies":[{"name":"wp","href":"https:\/\/api.w.org\/{rel}","templated":true}]}}