{"id":459402,"date":"2014-12-06T00:01:26","date_gmt":"2014-12-06T05:01:26","guid":{"rendered":"http:\/\/diarioelpopular.com\/?p=459402"},"modified":"2014-12-09T21:28:40","modified_gmt":"2014-12-10T02:28:40","slug":"adolescente-de-quebec-acusado-de-delitos-de-terrorismo","status":"publish","type":"post","link":"https:\/\/diarioelpopular.com\/index.php\/2014\/12\/06\/adolescente-de-quebec-acusado-de-delitos-de-terrorismo\/","title":{"rendered":"Adolescente de Quebec acusado de delitos de terrorismo"},"content":{"rendered":"<div id=\"attachment_459403\" style=\"width: 570px\" class=\"wp-caption aligncenter\"><a href=\"https:\/\/diarioelpopular.com\/wp-content\/uploads\/2014\/12\/foto-1-nota-23.jpg\"><img loading=\"lazy\" decoding=\"async\" aria-describedby=\"caption-attachment-459403\" class=\"size-large wp-image-459403\" src=\"https:\/\/diarioelpopular.com\/wp-content\/uploads\/2014\/12\/foto-1-nota-23-560x373.jpg\" alt=\"RCMP no divulg\u00f3 detalles espec\u00edficos debido a la edad del sospechoso.\" width=\"560\" height=\"373\" \/><\/a><p id=\"caption-attachment-459403\" class=\"wp-caption-text\">RCMP no divulg\u00f3 detalles espec\u00edficos debido a la edad del sospechoso.<\/p><\/div>\n<p>MONTREAL.- La Real Polic\u00eda Montada de Canad\u00e1, RCMP, confirm\u00f3 que un joven de 15 a\u00f1os de edad y residente de Montreal, ha sido acusado de delitos relacionados con el terrorismo.<\/p>\n<p>Se presume que el adolescente asalt\u00f3 un establecimiento comercial con el fin de obtener fondos para financiar su viaje.<\/p>\n<p>Fue detenido el pasado octubre, despu\u00e9s de que fue atrapado como asaltante y portando un cuchillo.<\/p>\n<p>El padre del adolescente lo entreg\u00f3 a la polic\u00eda despu\u00e9s de los informes y cuando encontr\u00f3 dinero dentro del bolso de su hijo.<\/p>\n<p>Sin embargo, investigadores policiales descubrieron que el adolescente hab\u00eda robado una tienda para pagar por un boleto de avi\u00f3n, para presuntamente unirse a un grupo de militantes en el extranjero.<\/p>\n<p>El monto de lo robado ascend\u00eda a $ 2.200.<\/p>\n<p>Las averiguaciones condujeron a que el adolescente intent\u00f3 comunicarse con Martin Couture-Rouleau, quien fue baleado por la polic\u00eda despu\u00e9s de combatir con m\u00e1s de dos soldados en St-Jean-sur-Richelieu.<\/p>\n<p>El perfil de Martin Couture-Rouleau corresponde a lo que los servicios de seguridad han advertido, en los \u00faltimos a\u00f1os, ser\u00e1 la pr\u00f3xima ola de terroristas.<\/p>\n<p>No hay informaci\u00f3n en torno a la organizaci\u00f3n que estaba planeando unirse el joven de 15 a\u00f1os, ni el pa\u00eds de destino, pero la polic\u00eda encontr\u00f3 propaganda radical en su ordenador.<\/p>\n<p>El adolescente declar\u00f3 ante los investigadores que estaba viviendo en pecado porque \u00e9l est\u00e1 en Canad\u00e1 y no es un pa\u00eds musulm\u00e1n.<\/p>\n<p>RCMP en un comunicado reiter\u00f3: \u201cSomos implacable en la persecuci\u00f3n de aquellos que tratan de participar en actividades terroristas. Estamos decididos a tomar medidas para proteger a los canadienses y para mantener seguridad en nuestras comunidades&#8221;.<\/p>\n<p>El adolescente compareci\u00f3 ante la corte por los delitos de comisi\u00f3n de un delito por un grupo terrorista y abandonar Canad\u00e1 para participar en la actividad de un grupo terrorista.<\/p>\n<p>Si es declarado culpable, podr\u00eda enfrentar una sentencia de cadena perpetua.<\/p>\n<p>La fuerza policial no divulg\u00f3 detalles espec\u00edficos debido a la edad del sospechoso.<\/p>\n<p>El adolescente se encuentra en un centro de detenci\u00f3n juvenil a la espera de su pr\u00f3xima cita en la corte.<\/p>\n","protected":false},"excerpt":{"rendered":"<p>El sospechoso presuntamente rob\u00f3 en una tienda de conveniencia para conseguir dinero para viajar en avi\u00f3n al extranjero para unirse a un grupo radical.<\/p>\n","protected":false},"author":5842,"featured_media":0,"comment_status":"open","ping_status":"open","sticky":false,"template":"","format":"standard","meta":{"footnotes":""},"categories":[21],"tags":[],"class_list":["post-459402","post","type-post","status-publish","format-standard","hentry","category-canada"],"_links":{"self":[{"href":"https:\/\/diarioelpopular.com\/index.php\/wp-json\/wp\/v2\/posts\/459402","targetHints":{"allow":["GET"]}}],"collection":[{"href":"https:\/\/diarioelpopular.com\/index.php\/wp-json\/wp\/v2\/posts"}],"about":[{"href":"https:\/\/diarioelpopular.com\/index.php\/wp-json\/wp\/v2\/types\/post"}],"author":[{"embeddable":true,"href":"https:\/\/diarioelpopular.com\/index.php\/wp-json\/wp\/v2\/users\/5842"}],"replies":[{"embeddable":true,"href":"https:\/\/diarioelpopular.com\/index.php\/wp-json\/wp\/v2\/comments?post=459402"}],"version-history":[{"count":1,"href":"https:\/\/diarioelpopular.com\/index.php\/wp-json\/wp\/v2\/posts\/459402\/revisions"}],"predecessor-version":[{"id":459404,"href":"https:\/\/diarioelpopular.com\/index.php\/wp-json\/wp\/v2\/posts\/459402\/revisions\/459404"}],"wp:attachment":[{"href":"https:\/\/diarioelpopular.com\/index.php\/wp-json\/wp\/v2\/media?parent=459402"}],"wp:term":[{"taxonomy":"category","embeddable":true,"href":"https:\/\/diarioelpopular.com\/index.php\/wp-json\/wp\/v2\/categories?post=459402"},{"taxonomy":"post_tag","embeddable":true,"href":"https:\/\/diarioelpopular.com\/index.php\/wp-json\/wp\/v2\/tags?post=459402"}],"curies":[{"name":"wp","href":"https:\/\/api.w.org\/{rel}","templated":true}]}}