{"id":459420,"date":"2014-12-10T00:02:28","date_gmt":"2014-12-10T05:02:28","guid":{"rendered":"http:\/\/diarioelpopular.com\/?p=459420"},"modified":"2014-12-09T21:39:20","modified_gmt":"2014-12-10T02:39:20","slug":"ottawa-pidio-aumentar-cupos-para-nominacion-de-inmigrantes-de-alberta","status":"publish","type":"post","link":"https:\/\/diarioelpopular.com\/index.php\/2014\/12\/10\/ottawa-pidio-aumentar-cupos-para-nominacion-de-inmigrantes-de-alberta\/","title":{"rendered":"Ottawa pidi\u00f3 aumentar cupos para nominaci\u00f3n de inmigrantes de Alberta"},"content":{"rendered":"<div id=\"attachment_459421\" style=\"width: 570px\" class=\"wp-caption aligncenter\"><a href=\"https:\/\/diarioelpopular.com\/wp-content\/uploads\/2014\/12\/foto-1-breves-24.jpg\"><img loading=\"lazy\" decoding=\"async\" aria-describedby=\"caption-attachment-459421\" class=\"size-large wp-image-459421\" src=\"https:\/\/diarioelpopular.com\/wp-content\/uploads\/2014\/12\/foto-1-breves-24-560x373.jpg\" alt=\"Alberta cont\u00f3 con 5.500 certificados bajo el programa de nominaci\u00f3n al inmigrante para 2014.\" width=\"560\" height=\"373\" \/><\/a><p id=\"caption-attachment-459421\" class=\"wp-caption-text\">Alberta cont\u00f3 con 5.500 certificados bajo el programa de nominaci\u00f3n al inmigrante para 2014.<\/p><\/div>\n<p><strong><em>EDMONTON.-<\/em><\/strong> Alberta solicit\u00f3 al gobierno federal elevar el n\u00famero de inmigrantes econ\u00f3micos que puede designarse cada a\u00f1o para residentes permanentes, con el fin de satisfacer sus necesidades de mano de obra.<\/p>\n<p>El Ministro del Trabajo, Ric McIver, dijo que la provincia ha enviado una carta al Ministro de Ciudadan\u00eda e Inmigraci\u00f3n, Chris Alexander.<\/p>\n<p>&#8220;Calculamos que vamos a estar con una carencia de 96.000 trabajadores para 2023 y la mayor\u00eda es empleos calificados y bien remunerados\u201d, dijo McIver.<\/p>\n<p>McIver dijo que el n\u00famero de inmigrantes econ\u00f3micos permitido en Alberta debe ser impulsado por la realidad del mercado de trabajo e informaci\u00f3n local para la provincia.<\/p>\n<p>Alberta cont\u00f3 con 5.500 certificados bajo el programa de nominaci\u00f3n al inmigrante para 2014. Este n\u00famero no ha sido suficiente, seg\u00fan McIver.<\/p>\n<p>Los certificados permiten a los trabajadores inmigrantes calificados y semi-calificados, en compa\u00f1\u00eda de su c\u00f3nyuge e hijos dependientes, ser nombrados por la provincia para residencia permanente en Canad\u00e1.<\/p>\n<p>Ciudadan\u00eda e Inmigraci\u00f3n de Canad\u00e1 toma la decisi\u00f3n final sobre la concesi\u00f3n de solicitudes.<\/p>\n","protected":false},"excerpt":{"rendered":"<p>Alberta solicit\u00f3 al gobierno federal elevar el n\u00famero de inmigrantes econ\u00f3micos que puede designarse cada a\u00f1o para residentes permanentes, con el fin de satisfacer sus necesidades de mano de obra.<\/p>\n","protected":false},"author":5842,"featured_media":0,"comment_status":"open","ping_status":"open","sticky":false,"template":"","format":"standard","meta":{"footnotes":""},"categories":[21],"tags":[],"class_list":["post-459420","post","type-post","status-publish","format-standard","hentry","category-canada"],"_links":{"self":[{"href":"https:\/\/diarioelpopular.com\/index.php\/wp-json\/wp\/v2\/posts\/459420","targetHints":{"allow":["GET"]}}],"collection":[{"href":"https:\/\/diarioelpopular.com\/index.php\/wp-json\/wp\/v2\/posts"}],"about":[{"href":"https:\/\/diarioelpopular.com\/index.php\/wp-json\/wp\/v2\/types\/post"}],"author":[{"embeddable":true,"href":"https:\/\/diarioelpopular.com\/index.php\/wp-json\/wp\/v2\/users\/5842"}],"replies":[{"embeddable":true,"href":"https:\/\/diarioelpopular.com\/index.php\/wp-json\/wp\/v2\/comments?post=459420"}],"version-history":[{"count":1,"href":"https:\/\/diarioelpopular.com\/index.php\/wp-json\/wp\/v2\/posts\/459420\/revisions"}],"predecessor-version":[{"id":459422,"href":"https:\/\/diarioelpopular.com\/index.php\/wp-json\/wp\/v2\/posts\/459420\/revisions\/459422"}],"wp:attachment":[{"href":"https:\/\/diarioelpopular.com\/index.php\/wp-json\/wp\/v2\/media?parent=459420"}],"wp:term":[{"taxonomy":"category","embeddable":true,"href":"https:\/\/diarioelpopular.com\/index.php\/wp-json\/wp\/v2\/categories?post=459420"},{"taxonomy":"post_tag","embeddable":true,"href":"https:\/\/diarioelpopular.com\/index.php\/wp-json\/wp\/v2\/tags?post=459420"}],"curies":[{"name":"wp","href":"https:\/\/api.w.org\/{rel}","templated":true}]}}