{"id":459423,"date":"2014-12-10T00:03:27","date_gmt":"2014-12-10T05:03:27","guid":{"rendered":"http:\/\/diarioelpopular.com\/?p=459423"},"modified":"2014-12-09T21:41:28","modified_gmt":"2014-12-10T02:41:28","slug":"usuarios-del-go-podian-enfrentar-aumento-del-5-en-tarifas","status":"publish","type":"post","link":"https:\/\/diarioelpopular.com\/index.php\/2014\/12\/10\/usuarios-del-go-podian-enfrentar-aumento-del-5-en-tarifas\/","title":{"rendered":"Usuarios del GO pod\u00edan enfrentar aumento del 5% en tarifas"},"content":{"rendered":"<div id=\"attachment_459424\" style=\"width: 483px\" class=\"wp-caption aligncenter\"><a href=\"https:\/\/diarioelpopular.com\/wp-content\/uploads\/2014\/12\/foto-1-breves-33.jpg\"><img loading=\"lazy\" decoding=\"async\" aria-describedby=\"caption-attachment-459424\" class=\"size-full wp-image-459424\" src=\"https:\/\/diarioelpopular.com\/wp-content\/uploads\/2014\/12\/foto-1-breves-33.jpg\" alt=\"La Agencia de Transporte Provincial Metrolinx ha propuesto un aumento del alrededor de cinco por ciento en la tarifa, a partir del 1ero. de febrero 2015.\" width=\"473\" height=\"315\" \/><\/a><p id=\"caption-attachment-459424\" class=\"wp-caption-text\">La Agencia de Transporte Provincial Metrolinx ha propuesto un aumento del alrededor de cinco por ciento en la tarifa, a partir del 1ero. de febrero 2015.<\/p><\/div>\n<p><strong><em>TORONTO.-<\/em><\/strong> La Agencia de Transporte Provincial Metrolinx ha propuesto un aumento del alrededor de cinco por ciento en la tarifa, a partir del 1ero. de febrero 2015.<\/p>\n<p>Un portavoz de la instituci\u00f3n inform\u00f3 que se ha observado un incremento de 22 por ciento en los viajeros desde 2008.<\/p>\n<p>&#8220;A finales de este a\u00f1o, vamos a tener 68 millones de pasajeros, as\u00ed que tenemos que ser capaces de alcanzar el ritmo de la creciente demanda del servicio&#8221;.<\/p>\n<p>El aumento se llevar\u00e1 a cabo de forma escalonada. Las tarifas individuales de adultos aumentar\u00edan la siguiente manera:<\/p>\n<p>10 centavos en la tarifa m\u00ednima de $ 5,20<\/p>\n<p>30 centavos en las tarifas entre $ 5,21 y $ 6,50<\/p>\n<p>40 por ciento en las tarifas entre $ 6,51 y $ 8,25<\/p>\n<p>50 por ciento en todas las tarifas de m\u00e1s de $ 8,25<\/p>\n<p>Las tarifas Presto tambi\u00e9n aumentar\u00edan, pero los descuentos ofrecidos a los usuarios, adultos mayores y estudiantes se mantendr\u00edan sin cambios.<\/p>\n<p>De acuerdo con Metrolinx, el aumento en la tarifa propuesta generar\u00eda un estimado de $ 23,5 millones en ingresos adicionales al a\u00f1o.<\/p>\n","protected":false},"excerpt":{"rendered":"<p>La Agencia de Transporte Provincial Metrolinx ha propuesto un aumento del alrededor de cinco por ciento en la tarifa, a partir del 1ero. de febrero 2015.<\/p>\n","protected":false},"author":5842,"featured_media":0,"comment_status":"open","ping_status":"open","sticky":false,"template":"","format":"standard","meta":{"footnotes":""},"categories":[21],"tags":[],"class_list":["post-459423","post","type-post","status-publish","format-standard","hentry","category-canada"],"_links":{"self":[{"href":"https:\/\/diarioelpopular.com\/index.php\/wp-json\/wp\/v2\/posts\/459423","targetHints":{"allow":["GET"]}}],"collection":[{"href":"https:\/\/diarioelpopular.com\/index.php\/wp-json\/wp\/v2\/posts"}],"about":[{"href":"https:\/\/diarioelpopular.com\/index.php\/wp-json\/wp\/v2\/types\/post"}],"author":[{"embeddable":true,"href":"https:\/\/diarioelpopular.com\/index.php\/wp-json\/wp\/v2\/users\/5842"}],"replies":[{"embeddable":true,"href":"https:\/\/diarioelpopular.com\/index.php\/wp-json\/wp\/v2\/comments?post=459423"}],"version-history":[{"count":1,"href":"https:\/\/diarioelpopular.com\/index.php\/wp-json\/wp\/v2\/posts\/459423\/revisions"}],"predecessor-version":[{"id":459425,"href":"https:\/\/diarioelpopular.com\/index.php\/wp-json\/wp\/v2\/posts\/459423\/revisions\/459425"}],"wp:attachment":[{"href":"https:\/\/diarioelpopular.com\/index.php\/wp-json\/wp\/v2\/media?parent=459423"}],"wp:term":[{"taxonomy":"category","embeddable":true,"href":"https:\/\/diarioelpopular.com\/index.php\/wp-json\/wp\/v2\/categories?post=459423"},{"taxonomy":"post_tag","embeddable":true,"href":"https:\/\/diarioelpopular.com\/index.php\/wp-json\/wp\/v2\/tags?post=459423"}],"curies":[{"name":"wp","href":"https:\/\/api.w.org\/{rel}","templated":true}]}}