{"id":459435,"date":"2014-12-10T00:06:32","date_gmt":"2014-12-10T05:06:32","guid":{"rendered":"http:\/\/diarioelpopular.com\/?p=459435"},"modified":"2014-12-09T21:51:07","modified_gmt":"2014-12-10T02:51:07","slug":"canceladas-embarcaciones-en-bc-por-tormenta-de-lluvia-y-viento","status":"publish","type":"post","link":"https:\/\/diarioelpopular.com\/index.php\/2014\/12\/10\/canceladas-embarcaciones-en-bc-por-tormenta-de-lluvia-y-viento\/","title":{"rendered":"Canceladas embarcaciones en BC por tormenta de lluvia y viento"},"content":{"rendered":"<div id=\"attachment_459436\" style=\"width: 570px\" class=\"wp-caption aligncenter\"><a href=\"https:\/\/diarioelpopular.com\/wp-content\/uploads\/2014\/12\/foto-1-breves-34.jpg\"><img loading=\"lazy\" decoding=\"async\" aria-describedby=\"caption-attachment-459436\" class=\"size-large wp-image-459436\" src=\"https:\/\/diarioelpopular.com\/wp-content\/uploads\/2014\/12\/foto-1-breves-34-560x420.jpg\" alt=\"Condiciones climatol\u00f3gicas de lluvia y viento se extender\u00e1n en British Columbia.\" width=\"560\" height=\"420\" \/><\/a><p id=\"caption-attachment-459436\" class=\"wp-caption-text\">Condiciones climatol\u00f3gicas de lluvia y viento se extender\u00e1n en British Columbia.<\/p><\/div>\n<p><strong><em>VICTORIA.-<\/em><\/strong> Medio Ambiente de Canad\u00e1 confirm\u00f3 la presencia de r\u00e1fagas de viento de 90 km\/h en Victoria, en combinaci\u00f3n con fuertes lluvias en el \u00e1rea metropolitana de Vancouver.<\/p>\n<p>Una segunda oleada de una poderosa tormenta subtropical se estacion\u00f3 en la costa oeste con fuertes vientos en la isla de Vancouver, y otra ronda de fuertes lluvias en Vancouver y Howe Sound.<\/p>\n<p>En Metro Vancouver, se sintieron vientos de hasta 60 km\/h, con otros 25 mm de lluvia.<\/p>\n<p>Los aguaceros que cayeron en la noche causaron inundaciones en algunos sectores de la isla.<\/p>\n<p>Estas condiciones climatol\u00f3gicas se extender\u00e1n en las pr\u00f3ximas horas cuando una tercera oleada de la tormenta, con fuertes lluvias caer\u00e1 en toda la regi\u00f3n.<\/p>\n<p>La regi\u00f3n m\u00e1s afectada ser\u00e1 Howe Sound, con una previsi\u00f3n de acumulaci\u00f3n de lluvias en m\u00e1s de 150 mm.<\/p>\n<p>Los fuertes vientos obligaron la cancelaci\u00f3n del servicio de ferry en BC, donde todas las embarcaciones incluyendo Comox y Power River, suspendieron sus rutas habituales.<\/p>\n","protected":false},"excerpt":{"rendered":"<p>Medio Ambiente de Canad\u00e1 confirm\u00f3 la presencia de r\u00e1fagas de viento de 90 km\/h en Victoria, en combinaci\u00f3n con fuertes lluvias en el \u00e1rea metropolitana de Vancouver.<\/p>\n","protected":false},"author":5842,"featured_media":0,"comment_status":"open","ping_status":"open","sticky":false,"template":"","format":"standard","meta":{"footnotes":""},"categories":[21],"tags":[],"class_list":["post-459435","post","type-post","status-publish","format-standard","hentry","category-canada"],"_links":{"self":[{"href":"https:\/\/diarioelpopular.com\/index.php\/wp-json\/wp\/v2\/posts\/459435","targetHints":{"allow":["GET"]}}],"collection":[{"href":"https:\/\/diarioelpopular.com\/index.php\/wp-json\/wp\/v2\/posts"}],"about":[{"href":"https:\/\/diarioelpopular.com\/index.php\/wp-json\/wp\/v2\/types\/post"}],"author":[{"embeddable":true,"href":"https:\/\/diarioelpopular.com\/index.php\/wp-json\/wp\/v2\/users\/5842"}],"replies":[{"embeddable":true,"href":"https:\/\/diarioelpopular.com\/index.php\/wp-json\/wp\/v2\/comments?post=459435"}],"version-history":[{"count":1,"href":"https:\/\/diarioelpopular.com\/index.php\/wp-json\/wp\/v2\/posts\/459435\/revisions"}],"predecessor-version":[{"id":459437,"href":"https:\/\/diarioelpopular.com\/index.php\/wp-json\/wp\/v2\/posts\/459435\/revisions\/459437"}],"wp:attachment":[{"href":"https:\/\/diarioelpopular.com\/index.php\/wp-json\/wp\/v2\/media?parent=459435"}],"wp:term":[{"taxonomy":"category","embeddable":true,"href":"https:\/\/diarioelpopular.com\/index.php\/wp-json\/wp\/v2\/categories?post=459435"},{"taxonomy":"post_tag","embeddable":true,"href":"https:\/\/diarioelpopular.com\/index.php\/wp-json\/wp\/v2\/tags?post=459435"}],"curies":[{"name":"wp","href":"https:\/\/api.w.org\/{rel}","templated":true}]}}