{"id":459505,"date":"2014-12-17T00:02:41","date_gmt":"2014-12-17T05:02:41","guid":{"rendered":"http:\/\/diarioelpopular.com\/?p=459505"},"modified":"2014-12-16T21:12:32","modified_gmt":"2014-12-17T02:12:32","slug":"glenn-thibeault-renuncio-con-orgullo-para-elecciones-de-sudbury","status":"publish","type":"post","link":"https:\/\/diarioelpopular.com\/index.php\/2014\/12\/17\/glenn-thibeault-renuncio-con-orgullo-para-elecciones-de-sudbury\/","title":{"rendered":"Glenn Thibeault renunci\u00f3 con orgullo para elecciones de Sudbury"},"content":{"rendered":"<div id=\"attachment_459506\" style=\"width: 570px\" class=\"wp-caption aligncenter\"><a href=\"https:\/\/diarioelpopular.com\/wp-content\/uploads\/2014\/12\/foto-1-nota-27.jpg\"><img loading=\"lazy\" decoding=\"async\" aria-describedby=\"caption-attachment-459506\" class=\"size-large wp-image-459506\" src=\"https:\/\/diarioelpopular.com\/wp-content\/uploads\/2014\/12\/foto-1-nota-27-560x315.jpg\" alt=\"&quot;Estoy orgulloso de anunciar mi lanzamiento como candidato del Partido Liberal de Ontario\u201d, dijo Thibeault.\" width=\"560\" height=\"315\" \/><\/a><p id=\"caption-attachment-459506\" class=\"wp-caption-text\">&#8220;Estoy orgulloso de anunciar mi lanzamiento como candidato del Partido Liberal de Ontario\u201d, dijo Thibeault.<\/p><\/div>\n<p><strong><em>OTTAWA.-<\/em> <\/strong>El miembro del parlamento por el NDP, Glenn Thibeault, anunci\u00f3 su cambio de partido y su nivel como pol\u00edtico al confirmar su candidatura al Partido Liberal provincial.<\/p>\n<p>El parlamentario de Sudbury ha sido atra\u00eddo por la Premier de Ontario, Kathleen Wynne, para su nominaci\u00f3n como candidato liberal en las elecciones extraordinarias de Sudbury.<\/p>\n<p>&#8220;Estoy orgulloso de anunciar mi lanzamiento como candidato del Partido Liberal de Ontario en la pr\u00f3xima elecci\u00f3n parcial en mi comunidad de Sudbury\u201d, de acuerdo con un comunicado.<\/p>\n<p>El MP explic\u00f3 que tom\u00f3 la decisi\u00f3n de transitar a la pol\u00edtica provincial &#8220;despu\u00e9s de mucha reflexi\u00f3n y discusi\u00f3n&#8221;, a\u00f1adiendo que no fue f\u00e1cil.<\/p>\n<p>&#8220;Ha sido un honor y un privilegio servir a mi comunidad durante los \u00faltimos 6 a\u00f1os a nivel federal, pero mi tiempo a este nivel ha llegado a su fin&#8221;, se\u00f1al\u00f3.<\/p>\n<p>&#8220;He hablado con la Premier Kathleen Wynne sobre su plan de crear m\u00e1s oportunidades y seguridad para todos los habitantes de Ontario. Su plan es exactamente lo que necesita Sudbury\u201d.<\/p>\n<p>En la declaraci\u00f3n no se hace referencia a su antiguo partido, pero afirma \u201csu emoci\u00f3n de ser parte del equipo de los liberales de Ontario&#8221;.<\/p>\n<p>&#8220;S\u00e9 que voy a ser un campe\u00f3n, con el m\u00e1s eficaz trabajo a nivel provincial&#8221;, dijo.<\/p>\n<p>El l\u00edder del NDP, Tom Mulcair, fue informado de la decisi\u00f3n.<\/p>\n<p>Thibeault hab\u00eda renunciado como presidente del caucus federal del NDP a principios de este oto\u00f1o, citando razones familiares. En su declaraci\u00f3n, indic\u00f3: &#8220;Sudbury es mi hogar, es donde mi esposa y yo estamos criando nuestra familia\u201d.<\/p>\n<p>Fue elegido como diputado federal en las elecciones de 2008. A partir de octubre, hab\u00eda servido por seis a\u00f1os, tiempo suficiente para ser elegible para el plan de pensiones como MP.<\/p>\n<p>La Federaci\u00f3n de Contribuyentes de Canad\u00e1 estima que en el transcurso de su vida, Thibeault podr\u00eda recaudar m\u00e1s de un mill\u00f3n de d\u00f3lares en beneficios de pensiones. Recibir\u00e1 una pensi\u00f3n anual de $ 30.436 cuando cumpla 55 en 2024. Esa cantidad ser\u00e1 totalmente indexada a partir de 65 a\u00f1os de edad.<\/p>\n<p>La renuncia de Thibeault surgi\u00f3 luego del anuncio del l\u00edder del NDP, Libby Davies, quien inform\u00f3 que no iba a participar en las pr\u00f3ximas elecciones.<\/p>\n<p>El anuncio de Thibeault se produjo despu\u00e9s de que un funcionario del partido Liberal de Ontario rechaz\u00f3 una demanda del reciente candidato de Sudbury, a quien se le pidi\u00f3 no participar en las pr\u00f3ximas elecciones a cambio de una cita.<\/p>\n<p>Andrew Olivier perdi\u00f3 por estrecho margen ante el MPP del NDP, Joe Cimino, en las elecciones del pasado mes de junio.<\/p>\n<p>Cuando se le pregunt\u00f3 por los funcionarios liberales de alto rango, incluyendo al Director de Campa\u00f1a, Pat Sorbara, y la Premier Kathleen Wynne, Olivier dijo que un funcionario del partido le hab\u00eda dicho que &#8220;tiene que ver lo que hab\u00eda para \u00e9l\u201d.<\/p>\n<p>Sorbara dijo que la afirmaci\u00f3n de que &#8220;nada se le ofreci\u00f3 a cambio de cualquier acci\u00f3n es categ\u00f3ricamente falso&#8221;, mientras Wynne neg\u00f3 que \u00e9l o alg\u00fan miembro de su partido prometiera una cita.<\/p>\n<p>Wynne dijo que se acerc\u00f3 a Olivier para dejarle saber que los liberales ten\u00edan otro candidato en mente, agregando que no hubo &#8220;ofertas concretas&#8221;.<\/p>\n<p>Olivier dijo que no busca la nominaci\u00f3n para las elecciones extraordinarias.<\/p>\n","protected":false},"excerpt":{"rendered":"<p>El MP dimiti\u00f3 como presidente federal del caucus de los Nuevos Dem\u00f3cratas este oto\u00f1o, citando razones familiares.<\/p>\n","protected":false},"author":5842,"featured_media":0,"comment_status":"open","ping_status":"open","sticky":false,"template":"","format":"standard","meta":{"footnotes":""},"categories":[21],"tags":[],"class_list":["post-459505","post","type-post","status-publish","format-standard","hentry","category-canada"],"_links":{"self":[{"href":"https:\/\/diarioelpopular.com\/index.php\/wp-json\/wp\/v2\/posts\/459505","targetHints":{"allow":["GET"]}}],"collection":[{"href":"https:\/\/diarioelpopular.com\/index.php\/wp-json\/wp\/v2\/posts"}],"about":[{"href":"https:\/\/diarioelpopular.com\/index.php\/wp-json\/wp\/v2\/types\/post"}],"author":[{"embeddable":true,"href":"https:\/\/diarioelpopular.com\/index.php\/wp-json\/wp\/v2\/users\/5842"}],"replies":[{"embeddable":true,"href":"https:\/\/diarioelpopular.com\/index.php\/wp-json\/wp\/v2\/comments?post=459505"}],"version-history":[{"count":1,"href":"https:\/\/diarioelpopular.com\/index.php\/wp-json\/wp\/v2\/posts\/459505\/revisions"}],"predecessor-version":[{"id":459507,"href":"https:\/\/diarioelpopular.com\/index.php\/wp-json\/wp\/v2\/posts\/459505\/revisions\/459507"}],"wp:attachment":[{"href":"https:\/\/diarioelpopular.com\/index.php\/wp-json\/wp\/v2\/media?parent=459505"}],"wp:term":[{"taxonomy":"category","embeddable":true,"href":"https:\/\/diarioelpopular.com\/index.php\/wp-json\/wp\/v2\/categories?post=459505"},{"taxonomy":"post_tag","embeddable":true,"href":"https:\/\/diarioelpopular.com\/index.php\/wp-json\/wp\/v2\/tags?post=459505"}],"curies":[{"name":"wp","href":"https:\/\/api.w.org\/{rel}","templated":true}]}}