{"id":459517,"date":"2014-12-17T00:06:20","date_gmt":"2014-12-17T05:06:20","guid":{"rendered":"http:\/\/diarioelpopular.com\/?p=459517"},"modified":"2014-12-23T23:14:35","modified_gmt":"2014-12-24T04:14:35","slug":"harper-es-criticado-por-hacer-de-la-economia-una-prioridad-y-no-los-derechos","status":"publish","type":"post","link":"https:\/\/diarioelpopular.com\/index.php\/2014\/12\/17\/harper-es-criticado-por-hacer-de-la-economia-una-prioridad-y-no-los-derechos\/","title":{"rendered":"Harper es criticado por hacer de la econom\u00eda una prioridad y no los derechos"},"content":{"rendered":"<div id=\"attachment_459518\" style=\"width: 570px\" class=\"wp-caption aligncenter\"><a href=\"https:\/\/diarioelpopular.com\/wp-content\/uploads\/2014\/12\/foto-1-nota-19.jpg\"><img loading=\"lazy\" decoding=\"async\" aria-describedby=\"caption-attachment-459518\" class=\"size-large wp-image-459518\" src=\"https:\/\/diarioelpopular.com\/wp-content\/uploads\/2014\/12\/foto-1-nota-19-560x373.jpg\" alt=\"Amnist\u00eda Internacional Canad\u00e1 cuestion\u00f3 el alcance de los derechos humanos por parte del gobierno de Harper. \" width=\"560\" height=\"373\" \/><\/a><p id=\"caption-attachment-459518\" class=\"wp-caption-text\">Amnist\u00eda Internacional Canad\u00e1 cuestion\u00f3 el alcance de los derechos humanos por parte del gobierno de Harper.<\/p><\/div>\n<p><strong><em>TORONTO.-<\/em> <\/strong>Amnist\u00eda Internacional Canad\u00e1 cuestion\u00f3 al gobierno de Stephen Harper para hacer del desarrollo econ\u00f3mico su principal prioridad, en lugar de los derechos humanos, sobre todo en el desarrollo de recursos.<\/p>\n<p>Alex Neve, Director General de la organizaci\u00f3n, dijo que los asuntos de derechos humanos deben estar a la orden del d\u00eda para la elecci\u00f3n federal prevista en 2015.<\/p>\n<p>Considera que las conversaciones de los canadienses van a estar centradas en empleo y prosperidad econ\u00f3mica para las elecciones del pr\u00f3ximo a\u00f1o, los cuales a su juicio deben estar estrechamente vinculados al tema de los derechos humanos.<\/p>\n<p>Amnist\u00eda acus\u00f3 al gobierno canadiense de hacer muy poco por garantizar los derechos de los pueblos abor\u00edgenes est\u00e9n adecuadamente protegidos en cientos de grandes proyectos de recursos que se han previsto para la pr\u00f3xima d\u00e9cada.<\/p>\n<p>&#8220;Con toda la atenci\u00f3n que ser\u00e1 el trabajo y la econom\u00eda, tenemos que reconocer lo importante que es enfrentar los derechos de la tierra, la responsabilidad corporativa y una pol\u00edtica comercial basada en los derechos humanos de los pueblos ind\u00edgenas&#8221;, dijo.<\/p>\n<p>&#8220;Todo esto es no s\u00f3lo se trata de los derechos y la justicia es, en realidad, el camino para un crecimiento econ\u00f3mico m\u00e1s sostenible\u201d.<\/p>\n<p>La agrupaci\u00f3n solicit\u00f3 que los derechos sea un tema incluido en la agenda de los votantes.<\/p>\n<p>Al respecto, un portavoz del Ministerio de los Recursos Naturales indic\u00f3 que el gobierno ha hecho grandes esfuerzos para consultar con las Primeras Naciones en proyectos de recursos.<\/p>\n<p>&#8220;Nuestro gobierno ha tomado medidas importantes para aumentar la participaci\u00f3n de las Primeras Naciones en el desarrollo de los recursos&#8221;.<\/p>\n<p>&#8220;Por ejemplo, hemos abierto recientemente la Oficina de Gesti\u00f3n de Grandes Proyectos West para mejorar el compromiso entre los gobiernos, la industria y las Primeras Naciones\u201d.<\/p>\n<p>Amnist\u00eda Internacional tambi\u00e9n mencion\u00f3 que las empresas canadienses en la industria minera no registran las violaciones de derechos humanos en el extranjero.<\/p>\n<p>Neve aclar\u00f3 que Amnist\u00eda es una organizaci\u00f3n no partidista, pero espera que el tema de los derechos sea incluido para los comicios federales.<\/p>\n<p>&#8220;Hemos formulado preguntas y recomendaciones que esperamos sea consideradas por la gente cuando aborden a sus candidatos y, en \u00faltima instancia, en su decisi\u00f3n del voto&#8221;.<\/p>\n<p>Amnist\u00eda dijo que el gobierno est\u00e1 decidiendo de forma selectiva la ayuda a algunos canadienses en las prisiones en el extranjero, citando los casos de Huseyin Celil en China, Bashir Makhtal en Etiop\u00eda, Mohamed Fahmy y Khaled Al-Qazzaz en Egipto, pero no Ronald Smith en Estados Unidos, o del convicto Omar Khadr.<\/p>\n<p>En respuesta, un portavoz del Ministro de Asuntos Exteriores, defendi\u00f3 el historial del gobierno en la defensa de los derechos humanos.<\/p>\n<p>\u201cEs evidente nuestra dedicaci\u00f3n para fortalecer a las mujeres y a las ni\u00f1as, incluyendo la iniciativa de salud materno-infantil, as\u00ed como nuestra campa\u00f1a para poner fin al matrimonio precoz y forzado\u201d.<\/p>\n<p>Amnist\u00eda considera que si bien las iniciativas son humanas, el enfoque en la salud materna, neonatal e infantil y de este tipo de matrimonios en el mundo en desarrollo, estas se ver\u00e1n afectadas si no se incorporan los derechos reproductivos plenos.<\/p>\n<p>El gobierno ha enfrentado cr\u00edticas por no financiar proyectos relacionados con el aborto en esas iniciativas de desarrollo.<\/p>\n<p>Recientemente, se ha comprometido $ 3.5 mil millones a la iniciativa de la salud de la madre y del ni\u00f1o reci\u00e9n nacido &#8220;que contribuir\u00e1 a la inmunizaci\u00f3n adicional de 300 millones de ni\u00f1os lo que generar\u00e1 ahorros de hasta seis millones de vidas\u201d.<\/p>\n","protected":false},"excerpt":{"rendered":"<p>La agrupaci\u00f3n tambi\u00e9n mencion\u00f3 que las empresas canadienses en la industria minera no registran las violaciones de derechos humanos en el extranjero.<\/p>\n","protected":false},"author":5842,"featured_media":0,"comment_status":"open","ping_status":"open","sticky":false,"template":"","format":"standard","meta":{"footnotes":""},"categories":[21],"tags":[],"class_list":["post-459517","post","type-post","status-publish","format-standard","hentry","category-canada"],"_links":{"self":[{"href":"https:\/\/diarioelpopular.com\/index.php\/wp-json\/wp\/v2\/posts\/459517","targetHints":{"allow":["GET"]}}],"collection":[{"href":"https:\/\/diarioelpopular.com\/index.php\/wp-json\/wp\/v2\/posts"}],"about":[{"href":"https:\/\/diarioelpopular.com\/index.php\/wp-json\/wp\/v2\/types\/post"}],"author":[{"embeddable":true,"href":"https:\/\/diarioelpopular.com\/index.php\/wp-json\/wp\/v2\/users\/5842"}],"replies":[{"embeddable":true,"href":"https:\/\/diarioelpopular.com\/index.php\/wp-json\/wp\/v2\/comments?post=459517"}],"version-history":[{"count":1,"href":"https:\/\/diarioelpopular.com\/index.php\/wp-json\/wp\/v2\/posts\/459517\/revisions"}],"predecessor-version":[{"id":459519,"href":"https:\/\/diarioelpopular.com\/index.php\/wp-json\/wp\/v2\/posts\/459517\/revisions\/459519"}],"wp:attachment":[{"href":"https:\/\/diarioelpopular.com\/index.php\/wp-json\/wp\/v2\/media?parent=459517"}],"wp:term":[{"taxonomy":"category","embeddable":true,"href":"https:\/\/diarioelpopular.com\/index.php\/wp-json\/wp\/v2\/categories?post=459517"},{"taxonomy":"post_tag","embeddable":true,"href":"https:\/\/diarioelpopular.com\/index.php\/wp-json\/wp\/v2\/tags?post=459517"}],"curies":[{"name":"wp","href":"https:\/\/api.w.org\/{rel}","templated":true}]}}