{"id":459561,"date":"2014-12-20T00:01:03","date_gmt":"2014-12-20T05:01:03","guid":{"rendered":"http:\/\/diarioelpopular.com\/?p=459561"},"modified":"2014-12-23T23:13:00","modified_gmt":"2014-12-24T04:13:00","slug":"harper-fue-entrenado-por-rcmp-para-ataques","status":"publish","type":"post","link":"https:\/\/diarioelpopular.com\/index.php\/2014\/12\/20\/harper-fue-entrenado-por-rcmp-para-ataques\/","title":{"rendered":"Harper fue entrenado por RCMP para ataques"},"content":{"rendered":"<div id=\"attachment_459562\" style=\"width: 570px\" class=\"wp-caption aligncenter\"><a href=\"https:\/\/diarioelpopular.com\/wp-content\/uploads\/2014\/12\/foto-1-nota-29.jpg\"><img loading=\"lazy\" decoding=\"async\" aria-describedby=\"caption-attachment-459562\" class=\"size-large wp-image-459562\" src=\"https:\/\/diarioelpopular.com\/wp-content\/uploads\/2014\/12\/foto-1-nota-29-560x315.jpg\" alt=\"Harper dijo que el objetivo es que el Primer Ministro contin\u00fae al frente del gobierno.\" width=\"560\" height=\"315\" \/><\/a><p id=\"caption-attachment-459562\" class=\"wp-caption-text\">Harper dijo que el objetivo es que el Primer Ministro contin\u00fae al frente del gobierno.<\/p><\/div>\n<p><strong><em>OTTAWA.-<\/em><\/strong> Harper desapareci\u00f3 en uno de los armarios del sal\u00f3n del caucus durante el ataque del pasado 22 de octubre en la capital, \u201cpara garantizar a Canad\u00e1 un gobierno en funcionamiento en caso de un ofensiva catastr\u00f3fica\u201d.<\/p>\n<p>En una entrevista con CBC, el Primer Ministro revel\u00f3 por primera vez c\u00f3mo actu\u00f3 y huy\u00f3 cuando Michael Zehaf-Bibeau irrumpi\u00f3 en el Centre Block, despu\u00e9s de disparar contra el cabo Nathan Cirillo.<\/p>\n<p>Harper dijo que tom\u00f3 una acci\u00f3n evasiva basada en la formaci\u00f3n peri\u00f3dica que recibe de la Real Polic\u00eda Montada de Canad\u00e1, RCMP.<\/p>\n<p>Coment\u00f3 que la primera persona que llam\u00f3 despu\u00e9s de que terminara los tr\u00e1gicos acontecimientos fue a su madre: &#8220;Yo s\u00f3lo quer\u00eda decirle que estaba bien. Me di cuenta por su voz que estaba preocupada&#8221;.<\/p>\n<p>Harper explic\u00f3 que hab\u00eda preocupaci\u00f3n en la sala de caucus porque nadie sab\u00eda lo que se estaba ocurriendo afuera de las puertas cerradas.<\/p>\n<p>&#8220;Todo lo que se escuchaba eran disparos que se acercaban. No se sab\u00eda si era un solo armado o un mont\u00f3n de tipos con armas autom\u00e1ticas&#8221;, dijo Harper.<\/p>\n<p>Harper coment\u00f3 que mientras que algunos de sus colegas tem\u00edan por sus vidas, como Primer Ministro tuvo una experiencia diferente.<\/p>\n<p>&#8220;Obviamente, ten\u00eda acceso a la inteligencia del gobierno sobre todos los riesgos de seguridad para el pa\u00eds y para mi persona. Est\u00e1s en un espacio superior, diferente, a la mayor\u00eda de las personas que se enfrentan de pronto a esta situaci\u00f3n por primera vez\u201d.<\/p>\n<p>Harper apenas mencion\u00f3 que recibi\u00f3 entrenamiento de RCMP que principalmente consiste en ejercicios que simulan este tipo de eventos.<\/p>\n<p>Sin detalles, se limit\u00f3 a decir que parte de su papel es &#8220;salvarse&#8221; de estas situaciones.<\/p>\n<p>&#8220;Una de las cosas que tratamos de hacer es ocultarnos si podemos, pero obviamente la mejor situaci\u00f3n escapar&#8221;, dijo Harper a\u00f1adiendo que el objetivo es que el Primer Ministro contin\u00fae al frente del gobierno.<\/p>\n<p>Mientras que Harper se retir\u00f3 r\u00e1pidamente de Parliament Hill, &#8220;pocos minutos&#8221; despu\u00e9s de que fuera declarado el fin de la situaci\u00f3n de alerta, por el Sargento de Armas Kevin Vickers, otros miembros del parlamento y empleados permanecieron en el sitio durante horas, mientras la polic\u00eda realiz\u00f3 procedimientos de seguridad.<\/p>\n<p>En una reuni\u00f3n del caucus una semana despu\u00e9s del incidente, Harper expres\u00f3 remordimiento a sus diputados por tener que dejarlos atr\u00e1s mientras era escoltado por seguridad.<\/p>\n","protected":false},"excerpt":{"rendered":"<p>El Primer Ministro de Canad\u00e1 dijo que tom\u00f3 una acci\u00f3n evasiva cuando apenas se escucharon disparos en las afueras de Parliament Hill.<\/p>\n","protected":false},"author":5842,"featured_media":0,"comment_status":"open","ping_status":"open","sticky":false,"template":"","format":"standard","meta":{"footnotes":""},"categories":[21],"tags":[],"class_list":["post-459561","post","type-post","status-publish","format-standard","hentry","category-canada"],"_links":{"self":[{"href":"https:\/\/diarioelpopular.com\/index.php\/wp-json\/wp\/v2\/posts\/459561","targetHints":{"allow":["GET"]}}],"collection":[{"href":"https:\/\/diarioelpopular.com\/index.php\/wp-json\/wp\/v2\/posts"}],"about":[{"href":"https:\/\/diarioelpopular.com\/index.php\/wp-json\/wp\/v2\/types\/post"}],"author":[{"embeddable":true,"href":"https:\/\/diarioelpopular.com\/index.php\/wp-json\/wp\/v2\/users\/5842"}],"replies":[{"embeddable":true,"href":"https:\/\/diarioelpopular.com\/index.php\/wp-json\/wp\/v2\/comments?post=459561"}],"version-history":[{"count":1,"href":"https:\/\/diarioelpopular.com\/index.php\/wp-json\/wp\/v2\/posts\/459561\/revisions"}],"predecessor-version":[{"id":459563,"href":"https:\/\/diarioelpopular.com\/index.php\/wp-json\/wp\/v2\/posts\/459561\/revisions\/459563"}],"wp:attachment":[{"href":"https:\/\/diarioelpopular.com\/index.php\/wp-json\/wp\/v2\/media?parent=459561"}],"wp:term":[{"taxonomy":"category","embeddable":true,"href":"https:\/\/diarioelpopular.com\/index.php\/wp-json\/wp\/v2\/categories?post=459561"},{"taxonomy":"post_tag","embeddable":true,"href":"https:\/\/diarioelpopular.com\/index.php\/wp-json\/wp\/v2\/tags?post=459561"}],"curies":[{"name":"wp","href":"https:\/\/api.w.org\/{rel}","templated":true}]}}