{"id":459607,"date":"2014-12-24T00:05:03","date_gmt":"2014-12-24T05:05:03","guid":{"rendered":"http:\/\/diarioelpopular.com\/?p=459607"},"modified":"2014-12-23T23:07:42","modified_gmt":"2014-12-24T04:07:42","slug":"magnotta-es-declarado-culpable-por-asesinato-en-primer-grado","status":"publish","type":"post","link":"https:\/\/diarioelpopular.com\/index.php\/2014\/12\/24\/magnotta-es-declarado-culpable-por-asesinato-en-primer-grado\/","title":{"rendered":"Magnotta es declarado culpable por asesinato en primer grado"},"content":{"rendered":"<div id=\"attachment_459608\" style=\"width: 441px\" class=\"wp-caption aligncenter\"><a href=\"https:\/\/diarioelpopular.com\/wp-content\/uploads\/2014\/12\/foto-1-nota-113.jpg\"><img loading=\"lazy\" decoding=\"async\" aria-describedby=\"caption-attachment-459608\" class=\"size-full wp-image-459608\" src=\"https:\/\/diarioelpopular.com\/wp-content\/uploads\/2014\/12\/foto-1-nota-113.jpg\" alt=\"Bouthillier dijo que esperaba que el jurado declarara las cinco sentencias condenatorias.\" width=\"431\" height=\"242\" \/><\/a><p id=\"caption-attachment-459608\" class=\"wp-caption-text\">Bouthillier dijo que esperaba que el jurado declarara las cinco sentencias condenatorias.<\/p><\/div>\n<p><strong><em>MONTREAL.-<\/em> <\/strong>El nativo de Toronto, Luka Magnotta, permaneci\u00f3 impasible cuando uno de los 12 miembros del jurado en Montreal pronunci\u00f3 su destino con la palabra &#8220;culpable&#8221;, en los cinco cargos en su contra por asesinato y desmembramiento del estudiante internacional, Jun Lin, los cuales contempla adem\u00e1s asesinato en primer grado.<\/p>\n<p>&#8220;Para un fiscal de la Corona, siempre es satisfactorio o\u00edr la palabra culpable por parte de los miembros del jurado, al final de un juicio. Obviamente, ha sido muy gratificante\u201d, dijo el fiscal Louis Bouthillier.<\/p>\n<p>Bouthillier dijo que esperaba que el jurado declarara las cinco sentencias condenatorias.<\/p>\n<p>&#8220;No estamos muy sorprendidos&#8221;, dijo.<\/p>\n<p>&#8220;Siempre pens\u00e9 que ten\u00edamos una buena prueba de la premeditaci\u00f3n y el hecho de que el crimen fue planeado y premeditado&#8221;.<\/p>\n<p>El fiscal resalt\u00f3 la labor de los miembros del jurado, que comenzaron a conocer el caso a finales de septiembre y entregaron los veredictos en su octavo d\u00eda de deliberaciones.<\/p>\n<p>&#8220;Tuvimos 11 semanas de testimonios. Obviamente que tuvieron que trabajar con asuntos legales muy dif\u00edciles. Los 12 miembros del jurado hicieron un trabajo excepcional\u201d.<\/p>\n<p>Despu\u00e9s de los veredictos, un abogado ley\u00f3 una declaraci\u00f3n en nombre del padre de la v\u00edctima, Diran Lin, que observaba actuaciones de todo el juicio desde una habitaci\u00f3n privada en el palacio de justicia.<\/p>\n<p>&#8220;Yo vine a conocer lo que le pas\u00f3 con mi hijo esa noche y qued\u00e9 sin una respuesta completa\u201d.<\/p>\n<p>&#8220;Yo vine a ver el remordimiento, a escuchar alg\u00fan tipo de disculpas\u201d.<\/p>\n<p>M\u00e1s temprano, el juez de primera instancia tambi\u00e9n tuvo palabras de elogio para los miembros del jurado.<\/p>\n<p>&#8220;Si bien no siempre puede ser obvio para todo el mundo, un juicio por jurado es una de las pruebas m\u00e1s infalibles de la civilizaci\u00f3n de cualquier pa\u00eds\u2019, dijo Guy Cournoyer del Tribunal Superior de Justicia Quebec citando a Winston Churchill.<\/p>\n<p>&#8220;Su paciencia, seriedad y trabajo constante ha sido obvio para todos nosotros. Ha sido ejemplar. Es una prueba muy exigente.&#8221;<\/p>\n<p>Magnotta, 32 a\u00f1os, tambi\u00e9n fue condenado penalmente acosar al Primer Ministro, Stephen Harper, y otros miembros del Parlamento, al enviar material obsceno e indecente, cometer hechos indignos a un cuerpo y la publicaci\u00f3n de material obsceno.<\/p>\n<p>La defensa de Magnotta estaba tratando de conseguir una sentencia de no ser penalmente responsable de los hechos de mayo de 2012, al incurrir en asesinato por trastorno mental, con expertos que testificaron que estaba en un estado psic\u00f3tico en la noche del tr\u00e1gico suceso y que no pod\u00eda distinguir el bien del mal.<\/p>\n<p>La Corona respondi\u00f3 firmemente que el crimen fue y premeditado y que el comportamiento y las acciones de Magnotta iban en contra de alguien que supuestamente sufr\u00eda de una enfermedad de la mente.<\/p>\n<p>Como Magnotta hab\u00eda admitido los actos f\u00edsicos, la tarea del jurado fue determinar si su estado de \u00e1nimo y actos fueron intencionales, planificados y premeditados.<\/p>\n<p>La causa penal captur\u00f3 titulares en todo el mundo, cuando el poco conocido actor porno y escolta, con una enorme huella de Internet, se convirti\u00f3 en un nombre popular despu\u00e9s de haber sido vinculado a un crimen horrible publicado en l\u00ednea.<\/p>\n<p>Su juicio se hizo ante un jurado biling\u00fce en Montreal.<\/p>\n<p>Sobre la acusaci\u00f3n de asesinato, el jurado tuvo cuatro opciones: encontrar Magnotta culpable de asesinato en primer grado, asesinato en segundo grado u homicidio, o encontrarlo inimputable a modo de trastorno mental.<\/p>\n<p>Bouthillier dijo que los pasos de Magnotta para ocultar sus pistas y huir de las autoridades no fueron de una persona que se encontraba en un estado mental debilitante, que no entend\u00eda sus propias acciones.<\/p>\n<p>Magnotta admiti\u00f3 sus actos justo antes de que comenzara el juicio. Desde el principio, el jurado escuch\u00f3 el acusado reconociendo que el asesinato y el desmembramiento, pero que padec\u00eda una enfermedad mental para el momento.<\/p>\n","protected":false},"excerpt":{"rendered":"<p>Luka Magnotta tambi\u00e9n fue condenado penalmente por acosar al Primer Ministro, Stephen Harper, y otros miembros del Parlamento, al enviar material obsceno e indecente y la publicaci\u00f3n de material obsceno.<\/p>\n","protected":false},"author":5842,"featured_media":0,"comment_status":"open","ping_status":"open","sticky":false,"template":"","format":"standard","meta":{"footnotes":""},"categories":[21],"tags":[],"class_list":["post-459607","post","type-post","status-publish","format-standard","hentry","category-canada"],"_links":{"self":[{"href":"https:\/\/diarioelpopular.com\/index.php\/wp-json\/wp\/v2\/posts\/459607","targetHints":{"allow":["GET"]}}],"collection":[{"href":"https:\/\/diarioelpopular.com\/index.php\/wp-json\/wp\/v2\/posts"}],"about":[{"href":"https:\/\/diarioelpopular.com\/index.php\/wp-json\/wp\/v2\/types\/post"}],"author":[{"embeddable":true,"href":"https:\/\/diarioelpopular.com\/index.php\/wp-json\/wp\/v2\/users\/5842"}],"replies":[{"embeddable":true,"href":"https:\/\/diarioelpopular.com\/index.php\/wp-json\/wp\/v2\/comments?post=459607"}],"version-history":[{"count":1,"href":"https:\/\/diarioelpopular.com\/index.php\/wp-json\/wp\/v2\/posts\/459607\/revisions"}],"predecessor-version":[{"id":459609,"href":"https:\/\/diarioelpopular.com\/index.php\/wp-json\/wp\/v2\/posts\/459607\/revisions\/459609"}],"wp:attachment":[{"href":"https:\/\/diarioelpopular.com\/index.php\/wp-json\/wp\/v2\/media?parent=459607"}],"wp:term":[{"taxonomy":"category","embeddable":true,"href":"https:\/\/diarioelpopular.com\/index.php\/wp-json\/wp\/v2\/categories?post=459607"},{"taxonomy":"post_tag","embeddable":true,"href":"https:\/\/diarioelpopular.com\/index.php\/wp-json\/wp\/v2\/tags?post=459607"}],"curies":[{"name":"wp","href":"https:\/\/api.w.org\/{rel}","templated":true}]}}