{"id":459666,"date":"2015-01-07T00:01:08","date_gmt":"2015-01-07T05:01:08","guid":{"rendered":"http:\/\/diarioelpopular.com\/?p=459666"},"modified":"2015-01-06T19:29:57","modified_gmt":"2015-01-07T00:29:57","slug":"fabricantes-de-automoviles-registraron-mayor-demanda-de-camiones","status":"publish","type":"post","link":"https:\/\/diarioelpopular.com\/index.php\/2015\/01\/07\/fabricantes-de-automoviles-registraron-mayor-demanda-de-camiones\/","title":{"rendered":"Fabricantes de autom\u00f3viles registraron mayor demanda de camiones"},"content":{"rendered":"<div id=\"attachment_459667\" style=\"width: 570px\" class=\"wp-caption aligncenter\"><a href=\"https:\/\/diarioelpopular.com\/wp-content\/uploads\/2015\/01\/foto-1-breves-3.jpg\"><img loading=\"lazy\" decoding=\"async\" aria-describedby=\"caption-attachment-459667\" class=\"size-large wp-image-459667\" src=\"https:\/\/diarioelpopular.com\/wp-content\/uploads\/2015\/01\/foto-1-breves-3-560x315.jpg\" alt=\"Las ventas de autom\u00f3viles en pasado diciembre aumentaron 16 por ciento.\" width=\"560\" height=\"315\" \/><\/a><p id=\"caption-attachment-459667\" class=\"wp-caption-text\">Las ventas de autom\u00f3viles en pasado diciembre aumentaron 16 por ciento.<\/p><\/div>\n<p>TORONTO.- En Canad\u00e1 se vendieron 1.850.000 veh\u00edculos en 2014, impulsado con las fuertes ventas de diciembre que fueron acompa\u00f1adas de la baja en los precios de la gasolina.<\/p>\n<p>M\u00e1s de la mitad de las ventas de autos fueron camionetas, que subieron 11,1 por ciento, mientras que las ventas de veh\u00edculos de turismo cayeron 0,1 puntos porcentuales.<\/p>\n<p>\u201cLa ganancia de fin de a\u00f1o estuvo muy por encima de los pron\u00f3sticos&#8221; de acuerdo con un comunicado de Scotiabank.<\/p>\n<p>Las bajas tasas de inter\u00e9s, los nuevos productos y los incentivos a distribuidores atrajeron a m\u00e1s canadienses a salas de exhibici\u00f3n de autom\u00f3viles, sobre todo al final del a\u00f1o.<\/p>\n<p>&#8220;Tuvimos una econom\u00eda muy s\u00f3lida, bajos tipos de inter\u00e9s, sumado a un n\u00famero r\u00e9cord de nuevos productos\u201d.<\/p>\n<p>En general, las ventas de autom\u00f3viles en pasado diciembre aumentaron 16 por ciento, 131.393 veh\u00edculos.<\/p>\n<p>Entre los fabricantes de autom\u00f3viles, Ford Canada obtuvo la primera posici\u00f3n en medio de una guerra por la supremac\u00eda del mercado con Chrysler.<\/p>\n","protected":false},"excerpt":{"rendered":"<p>En Canad\u00e1 se vendieron 1.850.000 veh\u00edculos en 2014, impulsado con las fuertes ventas de diciembre que fueron acompa\u00f1adas de la baja en los precios de la gasolina.<\/p>\n","protected":false},"author":5842,"featured_media":0,"comment_status":"open","ping_status":"open","sticky":false,"template":"","format":"standard","meta":{"footnotes":""},"categories":[21],"tags":[],"class_list":["post-459666","post","type-post","status-publish","format-standard","hentry","category-canada"],"_links":{"self":[{"href":"https:\/\/diarioelpopular.com\/index.php\/wp-json\/wp\/v2\/posts\/459666","targetHints":{"allow":["GET"]}}],"collection":[{"href":"https:\/\/diarioelpopular.com\/index.php\/wp-json\/wp\/v2\/posts"}],"about":[{"href":"https:\/\/diarioelpopular.com\/index.php\/wp-json\/wp\/v2\/types\/post"}],"author":[{"embeddable":true,"href":"https:\/\/diarioelpopular.com\/index.php\/wp-json\/wp\/v2\/users\/5842"}],"replies":[{"embeddable":true,"href":"https:\/\/diarioelpopular.com\/index.php\/wp-json\/wp\/v2\/comments?post=459666"}],"version-history":[{"count":1,"href":"https:\/\/diarioelpopular.com\/index.php\/wp-json\/wp\/v2\/posts\/459666\/revisions"}],"predecessor-version":[{"id":459668,"href":"https:\/\/diarioelpopular.com\/index.php\/wp-json\/wp\/v2\/posts\/459666\/revisions\/459668"}],"wp:attachment":[{"href":"https:\/\/diarioelpopular.com\/index.php\/wp-json\/wp\/v2\/media?parent=459666"}],"wp:term":[{"taxonomy":"category","embeddable":true,"href":"https:\/\/diarioelpopular.com\/index.php\/wp-json\/wp\/v2\/categories?post=459666"},{"taxonomy":"post_tag","embeddable":true,"href":"https:\/\/diarioelpopular.com\/index.php\/wp-json\/wp\/v2\/tags?post=459666"}],"curies":[{"name":"wp","href":"https:\/\/api.w.org\/{rel}","templated":true}]}}