{"id":459696,"date":"2015-01-08T18:39:33","date_gmt":"2015-01-08T23:39:33","guid":{"rendered":"http:\/\/diarioelpopular.com\/?p=459696"},"modified":"2015-01-08T18:39:40","modified_gmt":"2015-01-08T23:39:40","slug":"retiro-de-manzanas-por-potencial-contaminacion-de-listeria","status":"publish","type":"post","link":"https:\/\/diarioelpopular.com\/index.php\/2015\/01\/08\/retiro-de-manzanas-por-potencial-contaminacion-de-listeria\/","title":{"rendered":"Retiro de manzanas por potencial contaminaci\u00f3n de listeria"},"content":{"rendered":"<div id=\"attachment_459697\" style=\"width: 170px\" class=\"wp-caption aligncenter\"><a href=\"https:\/\/diarioelpopular.com\/wp-content\/uploads\/2015\/01\/foto-1-breves-12.jpg\"><img loading=\"lazy\" decoding=\"async\" aria-describedby=\"caption-attachment-459697\" class=\"size-full wp-image-459697\" src=\"https:\/\/diarioelpopular.com\/wp-content\/uploads\/2015\/01\/foto-1-breves-12.jpg\" alt=\"CFIA orden\u00f3 el retiro del mercado de las manzanas marca  Granny Smith.\" width=\"160\" height=\"120\" \/><\/a><p id=\"caption-attachment-459697\" class=\"wp-caption-text\">CFIA orden\u00f3 el retiro del mercado de las manzanas marca Granny Smith.<\/p><\/div>\n<p><strong><em>TORONTO.-<\/em> <\/strong>Las manzanas tipo Gala fueron retiradas de los establecimientos comerciales debido a problemas de presenta contaminaci\u00f3n de listeria.<\/p>\n<p>La Agencia de Inspecci\u00f3n Alimentaria de Canad\u00e1 (CFIA) orden\u00f3 el retiro del mercado de estas frutas marca Granny Smith.<\/p>\n<p>El retiro afecta a las etiquetadas bajo Big B Granny Smith, Big B Gala y Granny\u2019s Best Granny Smith, exportados por Bidart Bros. en Estados Unidos, y las cuales se venden en las provincias canadienses de Ontario y Quebec.<\/p>\n<p>Los importadores de los productos retirados del mercado incluyen Beauvais Ltee. Courchesne Larose.<\/p>\n<p>Los consumidores deben descartar los productos afectados.<\/p>\n<p>Los alimentos contaminados con listeria no presentan cambios u olores particulares.<\/p>\n<p>Los s\u00edntomas pueden incluir v\u00f3mito, n\u00e1useas, fiebre persistente, dolores musculares, dolor de cabeza y rigidez en el cuello.<\/p>\n<p>CFIA resalt\u00f3 que los productos afectados fueron producidos en 2014 y que pueden haber sido vendidos bajo otras marcas. Hizo un llamado a los consumidores si no est\u00e1n seguros si los productos forman parte de este retiro, deben contactar al lugar donde fueron adquiridos.<\/p>\n","protected":false},"excerpt":{"rendered":"<p>Las manzanas tipo Gala fueron retiradas de los establecimientos comerciales debido a problemas de presenta contaminaci\u00f3n de listeria.<\/p>\n","protected":false},"author":5842,"featured_media":0,"comment_status":"open","ping_status":"open","sticky":false,"template":"","format":"standard","meta":{"footnotes":""},"categories":[21],"tags":[],"class_list":["post-459696","post","type-post","status-publish","format-standard","hentry","category-canada"],"_links":{"self":[{"href":"https:\/\/diarioelpopular.com\/index.php\/wp-json\/wp\/v2\/posts\/459696","targetHints":{"allow":["GET"]}}],"collection":[{"href":"https:\/\/diarioelpopular.com\/index.php\/wp-json\/wp\/v2\/posts"}],"about":[{"href":"https:\/\/diarioelpopular.com\/index.php\/wp-json\/wp\/v2\/types\/post"}],"author":[{"embeddable":true,"href":"https:\/\/diarioelpopular.com\/index.php\/wp-json\/wp\/v2\/users\/5842"}],"replies":[{"embeddable":true,"href":"https:\/\/diarioelpopular.com\/index.php\/wp-json\/wp\/v2\/comments?post=459696"}],"version-history":[{"count":1,"href":"https:\/\/diarioelpopular.com\/index.php\/wp-json\/wp\/v2\/posts\/459696\/revisions"}],"predecessor-version":[{"id":459698,"href":"https:\/\/diarioelpopular.com\/index.php\/wp-json\/wp\/v2\/posts\/459696\/revisions\/459698"}],"wp:attachment":[{"href":"https:\/\/diarioelpopular.com\/index.php\/wp-json\/wp\/v2\/media?parent=459696"}],"wp:term":[{"taxonomy":"category","embeddable":true,"href":"https:\/\/diarioelpopular.com\/index.php\/wp-json\/wp\/v2\/categories?post=459696"},{"taxonomy":"post_tag","embeddable":true,"href":"https:\/\/diarioelpopular.com\/index.php\/wp-json\/wp\/v2\/tags?post=459696"}],"curies":[{"name":"wp","href":"https:\/\/api.w.org\/{rel}","templated":true}]}}