{"id":459836,"date":"2015-01-21T00:01:12","date_gmt":"2015-01-21T05:01:12","guid":{"rendered":"http:\/\/diarioelpopular.com\/?p=459836"},"modified":"2015-01-20T19:43:34","modified_gmt":"2015-01-21T00:43:34","slug":"liquidacion-de-target-comenzara-en-febrero","status":"publish","type":"post","link":"https:\/\/diarioelpopular.com\/index.php\/2015\/01\/21\/liquidacion-de-target-comenzara-en-febrero\/","title":{"rendered":"Liquidaci\u00f3n de Target comenzar\u00e1 en febrero"},"content":{"rendered":"<div id=\"attachment_459837\" style=\"width: 570px\" class=\"wp-caption aligncenter\"><a href=\"https:\/\/diarioelpopular.com\/wp-content\/uploads\/2015\/01\/foto-1-breves-35.jpg\"><img loading=\"lazy\" decoding=\"async\" aria-describedby=\"caption-attachment-459837\" class=\"size-large wp-image-459837\" src=\"https:\/\/diarioelpopular.com\/wp-content\/uploads\/2015\/01\/foto-1-breves-35-560x443.jpg\" alt=\"Target espera liquidar la mercanc\u00eda de sus 133 tiendas en Canad\u00e1.\" width=\"560\" height=\"443\" \/><\/a><p id=\"caption-attachment-459837\" class=\"wp-caption-text\">Target espera liquidar la mercanc\u00eda de sus 133 tiendas en Canad\u00e1.<\/p><\/div>\n<p><strong><em>TORONTO.-<\/em> <\/strong>Target inform\u00f3 a sus clientes, a trav\u00e9s de los medios sociales, que el proceso de liquidaci\u00f3n se iniciar\u00e1 en febrero.<\/p>\n<p>La cadena, con sede en Estados Unidos, espera liquidar la mercanc\u00eda para comienzos de febrero.<\/p>\n<p>El minorista, que anunci\u00f3 que cerraba sus 133 tiendas en Canad\u00e1 en un futuro pr\u00f3ximo, estima que en cuatro o cinco meses pone fin a su presencia canadiense, incluyendo sus centros de distribuci\u00f3n en todo el pa\u00eds.<\/p>\n<p>Mientras tanto, los propietarios estadounidenses de la cadena avanzan r\u00e1pidamente para descargar millones de d\u00f3lares en mercanc\u00edas y otros bienes, como accesorios y equipos de oficina.<\/p>\n<p>Los clientes que se presentaron en las tiendas Target en los \u00faltimos d\u00edas, observaron establecimientos con provisiones y colas en caja, sin signos perceptibles de fuertes descuentos en mercanc\u00eda que normalmente acompa\u00f1a a un proceso de liquidaci\u00f3n.<\/p>\n<p>Target tiene m\u00e1s de 17.000 empleados en Canad\u00e1. Al respecto, ha creado un fondo fiduciario de hasta $ 70 millones para manejar un m\u00e1ximo de 16 semanas de sueldo para los empleados.<\/p>\n","protected":false},"excerpt":{"rendered":"<p>Target inform\u00f3 a sus clientes, a trav\u00e9s de los medios sociales, que el proceso de liquidaci\u00f3n se iniciar\u00e1 en febrero.<\/p>\n","protected":false},"author":5842,"featured_media":0,"comment_status":"open","ping_status":"open","sticky":false,"template":"","format":"standard","meta":{"footnotes":""},"categories":[21],"tags":[],"class_list":["post-459836","post","type-post","status-publish","format-standard","hentry","category-canada"],"_links":{"self":[{"href":"https:\/\/diarioelpopular.com\/index.php\/wp-json\/wp\/v2\/posts\/459836","targetHints":{"allow":["GET"]}}],"collection":[{"href":"https:\/\/diarioelpopular.com\/index.php\/wp-json\/wp\/v2\/posts"}],"about":[{"href":"https:\/\/diarioelpopular.com\/index.php\/wp-json\/wp\/v2\/types\/post"}],"author":[{"embeddable":true,"href":"https:\/\/diarioelpopular.com\/index.php\/wp-json\/wp\/v2\/users\/5842"}],"replies":[{"embeddable":true,"href":"https:\/\/diarioelpopular.com\/index.php\/wp-json\/wp\/v2\/comments?post=459836"}],"version-history":[{"count":1,"href":"https:\/\/diarioelpopular.com\/index.php\/wp-json\/wp\/v2\/posts\/459836\/revisions"}],"predecessor-version":[{"id":459838,"href":"https:\/\/diarioelpopular.com\/index.php\/wp-json\/wp\/v2\/posts\/459836\/revisions\/459838"}],"wp:attachment":[{"href":"https:\/\/diarioelpopular.com\/index.php\/wp-json\/wp\/v2\/media?parent=459836"}],"wp:term":[{"taxonomy":"category","embeddable":true,"href":"https:\/\/diarioelpopular.com\/index.php\/wp-json\/wp\/v2\/categories?post=459836"},{"taxonomy":"post_tag","embeddable":true,"href":"https:\/\/diarioelpopular.com\/index.php\/wp-json\/wp\/v2\/tags?post=459836"}],"curies":[{"name":"wp","href":"https:\/\/api.w.org\/{rel}","templated":true}]}}