{"id":459839,"date":"2015-01-20T19:45:54","date_gmt":"2015-01-21T00:45:54","guid":{"rendered":"http:\/\/diarioelpopular.com\/?p=459839"},"modified":"2015-01-20T19:46:00","modified_gmt":"2015-01-21T00:46:00","slug":"peru-pide-a-greenpeace-asumir-costo-de-reparacion-de-danos-en-lineas-de-nazca","status":"publish","type":"post","link":"https:\/\/diarioelpopular.com\/index.php\/2015\/01\/20\/peru-pide-a-greenpeace-asumir-costo-de-reparacion-de-danos-en-lineas-de-nazca\/","title":{"rendered":"Per\u00fa pide a Greenpeace asumir costo de reparaci\u00f3n de da\u00f1os en l\u00edneas de Nazca"},"content":{"rendered":"<div id=\"attachment_459840\" style=\"width: 570px\" class=\"wp-caption aligncenter\"><a href=\"https:\/\/diarioelpopular.com\/wp-content\/uploads\/2015\/01\/2047449.jpg\"><img loading=\"lazy\" decoding=\"async\" aria-describedby=\"caption-attachment-459840\" class=\"size-large wp-image-459840\" src=\"https:\/\/diarioelpopular.com\/wp-content\/uploads\/2015\/01\/2047449-560x338.jpg\" alt=\"La pol\u00e9mica acci\u00f3n de Greenpeace se realiz\u00f3 en la madrugada del 8 de diciembre.\" width=\"560\" height=\"338\" \/><\/a><p id=\"caption-attachment-459840\" class=\"wp-caption-text\">La pol\u00e9mica acci\u00f3n de Greenpeace se realiz\u00f3 en la madrugada del 8 de diciembre.<\/p><\/div>\n<p>La ministra de Cultura de Per\u00fa, Diana \u00c1lvarez-Calder\u00f3n, inst\u00f3 a la organizaci\u00f3n ambientalista Greenpeace a asumir el costo de la investigaci\u00f3n y reparaci\u00f3n de los da\u00f1os que una actividad del grupo ecologista caus\u00f3 en las l\u00edneas de Nazca en diciembre, seg\u00fan un comunicado del Ministerio de Cultura.<\/p>\n<p>\u00c1lvarez-Calder\u00f3n sostuvo que el &#8220;atentado&#8221; contra las l\u00edneas de Nazca no fue un error ni ninguna torpeza, como afirm\u00f3 hoy el director para los pa\u00edses andinos de Greenpeace, Mart\u00edn Prieto, en declaraciones a Radio Programas del Per\u00fa (RPP), sino que para el ministerio peruano constituye &#8220;un acto ilegal contra el patrimonio&#8221;.<\/p>\n<p>La pol\u00e9mica acci\u00f3n de Greenpeace se realiz\u00f3 en la madrugada del 8 de diciembre, cuando un grupo de activistas ingres\u00f3 a la zona intangible de las l\u00edneas de Nazca y camin\u00f3 hasta el geoglifo del colibr\u00ed, donde desplegaron una pancarta dirigida a los l\u00edderes pol\u00edticos que participaban en Lima en la cumbre mundial sobre cambio clim\u00e1tico (COP20).<\/p>\n<p>&#8220;No sabemos si podremos revertir el da\u00f1o. Naturalmente, el costo de la investigaci\u00f3n y los trabajos deber\u00e1n ser asumidos por Greenpeace, que ser\u00e1 incluida en el proceso como tercero civilmente responsable&#8221;, explic\u00f3 \u00c1lvarez-Calder\u00f3n.<\/p>\n<p>La ministra peruana de Cultura rechaz\u00f3 el ofrecimiento de Prieto de enviar un equipo de expertos internacionales para evaluar y enmendar los da\u00f1os causados en el geoglifo del colibr\u00ed.<\/p>\n<p>&#8220;El ministerio ya ha tomado acciones al firmar un plan de manejo de las l\u00edneas de Nazca, y en los pr\u00f3ximos d\u00edas un equipo viajar\u00e1 a Nazca para completar la investigaci\u00f3n y ver de qu\u00e9 manera se puede resolver el da\u00f1o cometido&#8221;, indic\u00f3 la ministra.<\/p>\n<p>Sin embargo, \u00c1lvarez-Calder\u00f3n valor\u00f3 la decisi\u00f3n de la organizaci\u00f3n ambientalista de brindar algunos nombres de los responsables de la intervenci\u00f3n en la figura del colibr\u00ed.<\/p>\n<p>Mart\u00edn Prieto identific\u00f3 hoy al arque\u00f3logo alem\u00e1n Wolfgang Sadik como el organizador, dise\u00f1ador y ejecutor de la actividad, y a Martin Kaiser como el responsable de aprobar la acci\u00f3n.<\/p>\n<p>&#8220;(Sadik) es un arque\u00f3logo, y por eso los participantes siguieron a pies juntillas sus indicaciones, al entender que eran las necesarias para tomar en el lugar. (&#8230;) As\u00ed se hace normalmente. Se conf\u00eda en la experiencia y profesionalismo de la persona que organiza la actividad&#8221;, asegur\u00f3 Prieto.<\/p>\n<p>Asimismo, adelant\u00f3 que su organizaci\u00f3n entregar\u00e1 a la Fiscal\u00eda de Nazca un informe con las conclusiones de su investigaci\u00f3n interna, que incluir\u00e1 una lista de nombres donde figurar\u00e1n los de Sadik y Kaiser.<\/p>\n<p>El nombre de Sadik ya fue adelantado el domingo por el argentino Mauro Fern\u00e1ndez, portavoz de la actividad y uno de las tres personas denunciadas por atentado contra monumento arqueol\u00f3gico, quien se desvincul\u00f3 como responsable del acto en una entrevista difundida por el programa Cuarto Poder, de Am\u00e9rica TV.<\/p>\n<p>Fern\u00e1ndez expres\u00f3 sus &#8220;disculpas al pueblo peruano&#8221; y su &#8220;sincero y arrepentimiento por haber sido la voz de esa actividad equivocada&#8221;.<\/p>\n","protected":false},"excerpt":{"rendered":"<p>Autoridades peruanas sostienen que el &#8220;atentado&#8221; contra las l\u00edneas de Nazca no fue un error ni ninguna torpeza, sino que &#8220;un acto ilegal contra el patrimonio&#8221;.<\/p>\n","protected":false},"author":5842,"featured_media":0,"comment_status":"open","ping_status":"open","sticky":false,"template":"","format":"standard","meta":{"footnotes":""},"categories":[24],"tags":[],"class_list":["post-459839","post","type-post","status-publish","format-standard","hentry","category-mundo"],"_links":{"self":[{"href":"https:\/\/diarioelpopular.com\/index.php\/wp-json\/wp\/v2\/posts\/459839","targetHints":{"allow":["GET"]}}],"collection":[{"href":"https:\/\/diarioelpopular.com\/index.php\/wp-json\/wp\/v2\/posts"}],"about":[{"href":"https:\/\/diarioelpopular.com\/index.php\/wp-json\/wp\/v2\/types\/post"}],"author":[{"embeddable":true,"href":"https:\/\/diarioelpopular.com\/index.php\/wp-json\/wp\/v2\/users\/5842"}],"replies":[{"embeddable":true,"href":"https:\/\/diarioelpopular.com\/index.php\/wp-json\/wp\/v2\/comments?post=459839"}],"version-history":[{"count":1,"href":"https:\/\/diarioelpopular.com\/index.php\/wp-json\/wp\/v2\/posts\/459839\/revisions"}],"predecessor-version":[{"id":459841,"href":"https:\/\/diarioelpopular.com\/index.php\/wp-json\/wp\/v2\/posts\/459839\/revisions\/459841"}],"wp:attachment":[{"href":"https:\/\/diarioelpopular.com\/index.php\/wp-json\/wp\/v2\/media?parent=459839"}],"wp:term":[{"taxonomy":"category","embeddable":true,"href":"https:\/\/diarioelpopular.com\/index.php\/wp-json\/wp\/v2\/categories?post=459839"},{"taxonomy":"post_tag","embeddable":true,"href":"https:\/\/diarioelpopular.com\/index.php\/wp-json\/wp\/v2\/tags?post=459839"}],"curies":[{"name":"wp","href":"https:\/\/api.w.org\/{rel}","templated":true}]}}