{"id":459843,"date":"2015-01-20T19:49:50","date_gmt":"2015-01-21T00:49:50","guid":{"rendered":"http:\/\/diarioelpopular.com\/?p=459843"},"modified":"2015-01-20T19:49:57","modified_gmt":"2015-01-21T00:49:57","slug":"los-cinco-misterios-que-rondan-la-muerte-del-fiscal-nisman","status":"publish","type":"post","link":"https:\/\/diarioelpopular.com\/index.php\/2015\/01\/20\/los-cinco-misterios-que-rondan-la-muerte-del-fiscal-nisman\/","title":{"rendered":"Los cinco misterios que rondan la muerte del fiscal Nisman"},"content":{"rendered":"<div id=\"attachment_459844\" style=\"width: 570px\" class=\"wp-caption aligncenter\"><a href=\"https:\/\/diarioelpopular.com\/wp-content\/uploads\/2015\/01\/IMAGEN-15122381-2.jpg\"><img loading=\"lazy\" decoding=\"async\" aria-describedby=\"caption-attachment-459844\" class=\"size-large wp-image-459844\" src=\"https:\/\/diarioelpopular.com\/wp-content\/uploads\/2015\/01\/IMAGEN-15122381-2-560x280.jpg\" alt=\"El fallecimiento de Nisman conmocion\u00f3 a la sociedad argentina.\" width=\"560\" height=\"280\" \/><\/a><p id=\"caption-attachment-459844\" class=\"wp-caption-text\">El fallecimiento de Nisman conmocion\u00f3 a la sociedad argentina.<\/p><\/div>\n<p><strong><em>BUENOS AIRES.-<\/em><\/strong> La inesperada muerte del fiscal argentino Alberto Nisman, quien fue encontrado en la madrugada del lunes sin vida en su apartamento en Buenos Aires con un disparo en la sien, ha planteado varias dudas sobre c\u00f3mo y por qu\u00e9 ocurri\u00f3 su fallecimiento.<\/p>\n<p>Nisman hab\u00eda pedido la semana pasada que la presidenta Cristina Fern\u00e1ndez de Kirchner y su canciller, H\u00e9ctor Timerman, fueran indagados por encubrir a Ir\u00e1n en la causa por el atentado contra la mutual jud\u00eda AMIA que dej\u00f3 85 muertos y 300 heridos en 1994, en Buenos Aires.\u00a0<strong>El fiscal, de 51 a\u00f1os, iba a presentarse este lunes en el Congreso para dar detalles de su denuncia, pero apareci\u00f3 muerto.\u00a0<\/strong>\u00a0(Lea tambi\u00e9n:\u00a0\u00a0&#8216;Puedo salir muerto de esto&#8217;: fiscal que denunci\u00f3 a Cristina Fern\u00e1ndez).<\/p>\n<p>\u00bfUn suicidio?<\/p>\n<p>Una de las tesis que m\u00e1s ha cobrado peso en la muerte de Nisman es la de suicidio. El lunes la Fiscal\u00eda afirm\u00f3 en un informe preliminar que no hubo intervenci\u00f3n de terceras personas en la muerte del fiscal, pues este muri\u00f3 por un solo disparo de un arma calibre 22.<\/p>\n<p><strong>Sin embargo, Viviana Fein, fiscal encargada de la investigaci\u00f3n, asegur\u00f3 este martes que no se encontr\u00f3 p\u00f3lvora en las manos de Nisman despu\u00e9s de hacerle un barrido electr\u00f3nico.<\/strong>\u00a0La explicaci\u00f3n, dijo la fiscal encargada del caso, es que &#8220;al ser un arma de un calibre peque\u00f1o y no un arma de guerra, usualmente esto provoca que el barrido electr\u00f3nico no arroje resultados positivos&#8221;. \u201cEsto no descarta que se haya disparado, que haya disparado \u00e9l. Eso no lo descarta nadie\u201d, agreg\u00f3.<\/p>\n<p>El arma no era del fiscal<\/p>\n<p>Seg\u00fan las investigaciones preliminares, el arma calibre 22 que fue encontrada de bajo del cuerpo de Nisman no era de su propiedad, sino de uno de sus colaboradores. A prop\u00f3sito de esto la presidenta Fern\u00e1ndez cuestion\u00f3 una posible \u201cinstigaci\u00f3n\u201d y realiz\u00f3 una serie de preguntas como por qu\u00e9 el fiscal habr\u00eda pedido un arma para defensa personal, cuando contaba con una custodia de 10 polic\u00edas y viv\u00eda en un edificio con seguridad privada, y por qu\u00e9 habr\u00eda regresado con anticipaci\u00f3n de Espa\u00f1a, donde estaba de vacaciones, para presentar el caso.<\/p>\n<p>El secretario de Seguridad<\/p>\n<p>Otro de los asuntos en cuesti\u00f3n es la presencia en el lugar de los hechos del secretario de Seguridad argentino, Sergio Berni, quien l<strong>leg\u00f3 al apartamento de Nisman antes de que llegara la fiscal Fein y a pesar de que ella no hab\u00eda convocado a nadie del poder ejecutivo.<\/strong><\/p>\n<p>Una lista de mercado<\/p>\n<p>Hay varios indicios que llevan a pensar que la muerte podr\u00eda tratarse de un \u201csuicidio inducido\u201d y que el fiscal no habr\u00eda tomado la decisi\u00f3n de quitarse la vida por s\u00ed mismo. Entre los hechos que ponen en entredicho la hip\u00f3tesis del suicidio\u00a0<strong>est\u00e1 el hallazgo de una nota con una lista de compras para hacer el lunes<\/strong>, el mismo d\u00eda en que fue hallado muerto, supuestamente dirigida a una empleada dom\u00e9stica.<\/p>\n<p>La foto del trabajo del fiscal<\/p>\n<p>Seg\u00fan el diario &#8216;Clar\u00edn&#8217; de Argentina, la dirigencia de la Delegaci\u00f3n de Asociaciones Israelitas Argentinas (DAIA) revel\u00f3 este martes una de las \u00faltimas fotos que fue tomada por Nisman el s\u00e1bado en la tarde, mientras trabajaba en la presentaci\u00f3n del caso ante el Congreso.<\/p>\n<p>La imagen fue enviada al vicepresidente de la DAIA, Waldo Wolff, quien consult\u00f3 a Nisman sobre el levantamiento del secreto de sumario sobre los miembros de los servicios de inteligencia. Nisman, seg\u00fan dijo Julio Schlosser, titular de la DAIA, \u201cse sent\u00eda muy entusiasmado con el avance de la investigaci\u00f3n\u201d.<\/p>\n","protected":false},"excerpt":{"rendered":"<p>Diferentes elementos ponen en entredicho la hip\u00f3tesis de &#8216;suicidio&#8217;.<\/p>\n","protected":false},"author":5842,"featured_media":0,"comment_status":"open","ping_status":"open","sticky":false,"template":"","format":"standard","meta":{"footnotes":""},"categories":[24],"tags":[],"class_list":["post-459843","post","type-post","status-publish","format-standard","hentry","category-mundo"],"_links":{"self":[{"href":"https:\/\/diarioelpopular.com\/index.php\/wp-json\/wp\/v2\/posts\/459843","targetHints":{"allow":["GET"]}}],"collection":[{"href":"https:\/\/diarioelpopular.com\/index.php\/wp-json\/wp\/v2\/posts"}],"about":[{"href":"https:\/\/diarioelpopular.com\/index.php\/wp-json\/wp\/v2\/types\/post"}],"author":[{"embeddable":true,"href":"https:\/\/diarioelpopular.com\/index.php\/wp-json\/wp\/v2\/users\/5842"}],"replies":[{"embeddable":true,"href":"https:\/\/diarioelpopular.com\/index.php\/wp-json\/wp\/v2\/comments?post=459843"}],"version-history":[{"count":1,"href":"https:\/\/diarioelpopular.com\/index.php\/wp-json\/wp\/v2\/posts\/459843\/revisions"}],"predecessor-version":[{"id":459845,"href":"https:\/\/diarioelpopular.com\/index.php\/wp-json\/wp\/v2\/posts\/459843\/revisions\/459845"}],"wp:attachment":[{"href":"https:\/\/diarioelpopular.com\/index.php\/wp-json\/wp\/v2\/media?parent=459843"}],"wp:term":[{"taxonomy":"category","embeddable":true,"href":"https:\/\/diarioelpopular.com\/index.php\/wp-json\/wp\/v2\/categories?post=459843"},{"taxonomy":"post_tag","embeddable":true,"href":"https:\/\/diarioelpopular.com\/index.php\/wp-json\/wp\/v2\/tags?post=459843"}],"curies":[{"name":"wp","href":"https:\/\/api.w.org\/{rel}","templated":true}]}}