{"id":459886,"date":"2015-01-23T00:05:15","date_gmt":"2015-01-23T05:05:15","guid":{"rendered":"http:\/\/diarioelpopular.com\/?p=459886"},"modified":"2015-01-22T19:32:38","modified_gmt":"2015-01-23T00:32:38","slug":"un-hombre-en-custodia-despues-de-altercado-en-burger-king","status":"publish","type":"post","link":"https:\/\/diarioelpopular.com\/index.php\/2015\/01\/23\/un-hombre-en-custodia-despues-de-altercado-en-burger-king\/","title":{"rendered":"Un hombre en custodia despu\u00e9s de altercado en Burger King"},"content":{"rendered":"<div id=\"attachment_459887\" style=\"width: 570px\" class=\"wp-caption aligncenter\"><a href=\"https:\/\/diarioelpopular.com\/wp-content\/uploads\/2015\/01\/foto-1-breves-38.jpg\"><img loading=\"lazy\" decoding=\"async\" aria-describedby=\"caption-attachment-459887\" class=\"size-large wp-image-459887\" src=\"https:\/\/diarioelpopular.com\/wp-content\/uploads\/2015\/01\/foto-1-breves-38-560x326.jpg\" alt=\"Empleados del establecimiento del centro de la ciudad, llamaron a la polic\u00eda.\" width=\"560\" height=\"326\" \/><\/a><p id=\"caption-attachment-459887\" class=\"wp-caption-text\">Empleados del establecimiento del centro de la ciudad, llamaron a la polic\u00eda.<\/p><\/div>\n<p><strong><em>TORONTO.-<\/em> <\/strong>Un hombre ha sido detenido despu\u00e9s de que presuntamente golpe\u00f3 a un oficial de la polic\u00eda en la madrugada.<\/p>\n<p>El individuo estaba en el ba\u00f1o de mujeres en el Burger King, ubicado en Yonge y Shuter, antes de las 7:00 am.<\/p>\n<p>Empleados del establecimiento del centro de la ciudad, llamaron a la polic\u00eda para solicitar ayuda.<\/p>\n<p>Cuando un oficial lleg\u00f3 a la escena, el sospechoso presuntamente golpe\u00f3 al agente en la cara.<\/p>\n<p>Una docena de polic\u00edas respondieron a una convocatoria de seguridad.<\/p>\n<p>Hay informes de que se solicit\u00f3 un Taser.<\/p>\n<p>El sospechoso fue detenido y ser\u00e1 interrogado en la Divisi\u00f3n 51.<\/p>\n","protected":false},"excerpt":{"rendered":"<p>TORONTO.- Un hombre ha sido detenido despu\u00e9s de que presuntamente golpe\u00f3 a un oficial de la polic\u00eda en la madrugada. El individuo estaba en el&hellip;<\/p>\n","protected":false},"author":5842,"featured_media":0,"comment_status":"open","ping_status":"open","sticky":false,"template":"","format":"standard","meta":{"footnotes":""},"categories":[21],"tags":[],"class_list":["post-459886","post","type-post","status-publish","format-standard","hentry","category-canada"],"_links":{"self":[{"href":"https:\/\/diarioelpopular.com\/index.php\/wp-json\/wp\/v2\/posts\/459886","targetHints":{"allow":["GET"]}}],"collection":[{"href":"https:\/\/diarioelpopular.com\/index.php\/wp-json\/wp\/v2\/posts"}],"about":[{"href":"https:\/\/diarioelpopular.com\/index.php\/wp-json\/wp\/v2\/types\/post"}],"author":[{"embeddable":true,"href":"https:\/\/diarioelpopular.com\/index.php\/wp-json\/wp\/v2\/users\/5842"}],"replies":[{"embeddable":true,"href":"https:\/\/diarioelpopular.com\/index.php\/wp-json\/wp\/v2\/comments?post=459886"}],"version-history":[{"count":1,"href":"https:\/\/diarioelpopular.com\/index.php\/wp-json\/wp\/v2\/posts\/459886\/revisions"}],"predecessor-version":[{"id":459888,"href":"https:\/\/diarioelpopular.com\/index.php\/wp-json\/wp\/v2\/posts\/459886\/revisions\/459888"}],"wp:attachment":[{"href":"https:\/\/diarioelpopular.com\/index.php\/wp-json\/wp\/v2\/media?parent=459886"}],"wp:term":[{"taxonomy":"category","embeddable":true,"href":"https:\/\/diarioelpopular.com\/index.php\/wp-json\/wp\/v2\/categories?post=459886"},{"taxonomy":"post_tag","embeddable":true,"href":"https:\/\/diarioelpopular.com\/index.php\/wp-json\/wp\/v2\/tags?post=459886"}],"curies":[{"name":"wp","href":"https:\/\/api.w.org\/{rel}","templated":true}]}}