{"id":459910,"date":"2015-01-27T16:42:09","date_gmt":"2015-01-27T21:42:09","guid":{"rendered":"http:\/\/diarioelpopular.com\/?p=459910"},"modified":"2015-01-27T16:42:17","modified_gmt":"2015-01-27T21:42:17","slug":"el-chapo-guzman-consigue-frenar-su-extradicion-a-ee-uu","status":"publish","type":"post","link":"https:\/\/diarioelpopular.com\/index.php\/2015\/01\/27\/el-chapo-guzman-consigue-frenar-su-extradicion-a-ee-uu\/","title":{"rendered":"\u2018El Chapo\u2019 Guzm\u00e1n consigue frenar su extradici\u00f3n a EE UU"},"content":{"rendered":"<p>&nbsp;<\/p>\n<div id=\"attachment_459911\" style=\"width: 570px\" class=\"wp-caption aligncenter\"><a href=\"https:\/\/diarioelpopular.com\/wp-content\/uploads\/2015\/01\/1422318809_357796_1422319067_noticia_normal.jpg\"><img loading=\"lazy\" decoding=\"async\" aria-describedby=\"caption-attachment-459911\" class=\"size-full wp-image-459911\" src=\"https:\/\/diarioelpopular.com\/wp-content\/uploads\/2015\/01\/1422318809_357796_1422319067_noticia_normal.jpg\" alt=\"Joaqu\u00edn 'El Chapo' Guzm\u00e1n, en febrero de 2014 \" width=\"560\" height=\"375\" \/><\/a><p id=\"caption-attachment-459911\" class=\"wp-caption-text\">Joaqu\u00edn &#8216;El Chapo&#8217; Guzm\u00e1n, en febrero de 2014<\/p><\/div>\n<p><a href=\"http:\/\/internacional.elpais.com\/tag\/joaquin_guzman_loera\/a\/\">Joaqu\u00edn\u00a0<em>El Chapo<\/em>\u00a0Guzm\u00e1n<\/a>, uno de los l\u00edderes del poderoso cartel de Sinaloa, ha tensado en las \u00faltimas semanas el pulso que tiene con la justicia mexicana. La defensa del narcotraficante\u00a0<a href=\"http:\/\/internacional.elpais.com\/internacional\/2014\/02\/22\/actualidad\/1393086791_803043.html\">capturado en febrero de 2014<\/a>\u00a0por el Gobierno ha comenzado a mover sus fichas para evitar que sea extraditado a Estados Unidos. En una semana han obtenido dos amparos que frenan, por el momento, su traslado al norte para ser enjuiciado por diversos delitos en cortes federales.<\/p>\n<p>Este lunes el juez d\u00e9cimo en materia penal del Distrito Federal admiti\u00f3 el juicio promovido por la defensa del narcotraficante para que la situaci\u00f3n jur\u00eddica de Guzm\u00e1n permanezca, por el momento, sin cambio alguno. El martes pasado sus abogados presentaron un recurso similar ante el juez decimosexto de distrito en materia administrativa de la capital del pa\u00eds, que tambi\u00e9n concedi\u00f3 la suspensi\u00f3n al l\u00edder del cartel de Sinaloa.<\/p>\n<p>Las acciones de la defensa han obligado al Gobierno mexicano a revelar sus cartas. El juez ha solicitado a la\u00a0<a href=\"http:\/\/www.pgr.gob.mx\/\">Procuradur\u00eda General de la Rep\u00fablica<\/a>\u00a0(PGR, fiscal\u00eda) y a la\u00a0<a href=\"http:\/\/www.sre.gob.mx\/\">Secretar\u00eda de Relaciones Exteriores (SRE)<\/a>, encargados de materializar la extradici\u00f3n del capo, que informen en un plazo no mayor a 15 d\u00edas de si se ha iniciado alg\u00fan tr\u00e1mite que tenga como finalidad trasladar al prisionero del penal del Altiplano a otro centro penitenciario.<\/p>\n<p>Funcionarios del Gobierno mexicano, sin embargo, han se\u00f1alado que hasta el momento la embajada de Estados Unidos no ha comenzado los tr\u00e1mites para la extradici\u00f3n del presunto delincuente. El nombre de El Chapo aparece en varias causas abiertas en cortes de California, Texas, Illinois, Nueva York, Florida y Nuevo Hampshire. La justicia estadounidense ha girado siete \u00f3rdenes de aprehensi\u00f3n en su contra desde 1995. En M\u00e9xico, Joaqu\u00edn Guzm\u00e1n tiene abiertos 12 procesos penales.<\/p>\n<p>El tema de la extradici\u00f3n ha cobrado vigencia en las \u00faltimas semanas a ra\u00edz de unas declaraciones que el fiscal general, Jes\u00fas Murillo Karam, hizo el pasado 21 de enero. El funcionario reconoci\u00f3 que tiene informaci\u00f3n \u201cextrainformal\u201d de que Washington har\u00e1 la solicitud. \u201cLas extradiciones las solicitan y las solicitamos. No ser\u00e1 ning\u00fan problema hacer el tr\u00e1mite y determinar en su momento qu\u00e9 es lo conveniente\u201d, dijo el funcionario en un foro organizado por una asociaci\u00f3n de v\u00edctimas del secuestro. Murillo evit\u00f3 decir qu\u00e9 Estado har\u00e1 la petici\u00f3n.<\/p>\n<p>El Gobierno de\u00a0<a href=\"http:\/\/internacional.elpais.com\/tag\/enrique_pena_nieto\/a\/\">Enrique Pe\u00f1a Nieto<\/a>\u00a0ha extraditado a un solo capo de alto perfil. En noviembre de 2014 la Administraci\u00f3n\u00a0<a href=\"http:\/\/pgr.gob.mx\/Prensa\/2007\/bol14\/Nov\/b22114.shtm\">envi\u00f3 a una corte del Distrito de Columbia a Alfredo Beltr\u00e1n Leyva<\/a>, conocido como El mochomo. El fundador del cartel Beltr\u00e1n Leyva, una organizaci\u00f3n criminal que tuvo una presencia importante en el centro de M\u00e9xico, aguard\u00f3 m\u00e1s de seis a\u00f1os desde su captura para ser trasladado a Estados Unidos. All\u00ed se le acusaba de ser responsable de la importaci\u00f3n de varias toneladas de coca\u00edna y metanfetaminas. Frente al juez Alan Kay el criminal se declar\u00f3 \u201cno culpable\u201d de los cargos.<\/p>\n<p>El Gobierno del PRI ha disminuido el ritmo de las extradiciones de narcotraficantes que marc\u00f3 el sexenio de\u00a0<a href=\"http:\/\/elpais.com\/tag\/felipe_calderon_hinojosa\/a\/\">Felipe Calder\u00f3n (2006-2012)<\/a>. En el mandato pasado se registr\u00f3 un incremento del 190% en los casos. Cuatro de cada diez traslados internacionales de los 579 registrados en el sexenio panista eran por delitos contra la salud y asociaci\u00f3n delictuosa.<\/p>\n<p>En este Gobierno, seg\u00fan datos disponibles del primer semestre de 2013, solo se hab\u00edan extraditado 19 personas, m\u00e1s de nueve por delitos de narcotr\u00e1fico. Hasta el d\u00eda de hoy no se ha enviado a Estados Unidos a uno solo de los 88 objetivos criminales capturados de la lista de 122 fijada por las autoridades. La Administraci\u00f3n ha tratado de imponer un nuevo estilo en el que solo enviar\u00e1 al extranjero a los criminales con sentencia que ya hayan concluido sus juicios. El gesto pretende dotar de fortaleza a la justicia mexicana. La pregunta es si el caso del Chapo, que ya se fug\u00f3 de una prisi\u00f3n de m\u00e1xima seguridad en 2001, ser\u00e1 el que confirme o revierta la tendencia.<\/p>\n","protected":false},"excerpt":{"rendered":"<p>El presunto narcotraficante ha conseguido en una semana dos amparos que impiden que su situaci\u00f3n jur\u00eddica cambie por el momento<\/p>\n","protected":false},"author":5842,"featured_media":0,"comment_status":"open","ping_status":"open","sticky":false,"template":"","format":"standard","meta":{"footnotes":""},"categories":[24],"tags":[],"class_list":["post-459910","post","type-post","status-publish","format-standard","hentry","category-mundo"],"_links":{"self":[{"href":"https:\/\/diarioelpopular.com\/index.php\/wp-json\/wp\/v2\/posts\/459910","targetHints":{"allow":["GET"]}}],"collection":[{"href":"https:\/\/diarioelpopular.com\/index.php\/wp-json\/wp\/v2\/posts"}],"about":[{"href":"https:\/\/diarioelpopular.com\/index.php\/wp-json\/wp\/v2\/types\/post"}],"author":[{"embeddable":true,"href":"https:\/\/diarioelpopular.com\/index.php\/wp-json\/wp\/v2\/users\/5842"}],"replies":[{"embeddable":true,"href":"https:\/\/diarioelpopular.com\/index.php\/wp-json\/wp\/v2\/comments?post=459910"}],"version-history":[{"count":2,"href":"https:\/\/diarioelpopular.com\/index.php\/wp-json\/wp\/v2\/posts\/459910\/revisions"}],"predecessor-version":[{"id":459913,"href":"https:\/\/diarioelpopular.com\/index.php\/wp-json\/wp\/v2\/posts\/459910\/revisions\/459913"}],"wp:attachment":[{"href":"https:\/\/diarioelpopular.com\/index.php\/wp-json\/wp\/v2\/media?parent=459910"}],"wp:term":[{"taxonomy":"category","embeddable":true,"href":"https:\/\/diarioelpopular.com\/index.php\/wp-json\/wp\/v2\/categories?post=459910"},{"taxonomy":"post_tag","embeddable":true,"href":"https:\/\/diarioelpopular.com\/index.php\/wp-json\/wp\/v2\/tags?post=459910"}],"curies":[{"name":"wp","href":"https:\/\/api.w.org\/{rel}","templated":true}]}}