{"id":459914,"date":"2015-01-27T16:44:16","date_gmt":"2015-01-27T21:44:16","guid":{"rendered":"http:\/\/diarioelpopular.com\/?p=459914"},"modified":"2015-01-27T16:44:24","modified_gmt":"2015-01-27T21:44:24","slug":"cristina-fernandez-disolvera-el-actual-servicio-de-inteligencia","status":"publish","type":"post","link":"https:\/\/diarioelpopular.com\/index.php\/2015\/01\/27\/cristina-fernandez-disolvera-el-actual-servicio-de-inteligencia\/","title":{"rendered":"Cristina Fern\u00e1ndez disolver\u00e1 el actual servicio de inteligencia"},"content":{"rendered":"<div id=\"attachment_459915\" style=\"width: 570px\" class=\"wp-caption aligncenter\"><a href=\"https:\/\/diarioelpopular.com\/wp-content\/uploads\/2015\/01\/1422318154_277900_1422356285_noticia_fotograma.jpg\"><img loading=\"lazy\" decoding=\"async\" aria-describedby=\"caption-attachment-459915\" class=\"size-large wp-image-459915\" src=\"https:\/\/diarioelpopular.com\/wp-content\/uploads\/2015\/01\/1422318154_277900_1422356285_noticia_fotograma-560x308.jpg\" alt=\"La presidenta argentina anunciando las medidas en televisi\u00f3n. \" width=\"560\" height=\"308\" \/><\/a><p id=\"caption-attachment-459915\" class=\"wp-caption-text\">La presidenta argentina anunciando las medidas en televisi\u00f3n.<\/p><\/div>\n<p>Una semana despu\u00e9s de que se confirmara\u00a0<a href=\"http:\/\/internacional.elpais.com\/tag\/natalio_alberto_nisman\/a\/\">la muerte del fiscal Alberto Nisman<\/a>, la presidenta de Argentina compareci\u00f3 durante casi una hora en cadena nacional, es decir, ante todos los canales de radio y televisi\u00f3n, para anunciar un proyecto de ley que contempla la disoluci\u00f3n de la Secretar\u00eda de Inteligencia. La presidenta achaca a este organismo la denuncia que Nisman plante\u00f3 contra ella, as\u00ed como buena parte de las denuncias que tambi\u00e9n se ha planteado contra su Gobierno en los \u00faltimos a\u00f1os. Y el origen de esos planteos judiciales que sufri\u00f3\u00a0<a href=\"http:\/\/internacional.elpais.com\/tag\/cristina_fernandez_de_kirchner\/a\/\">Fern\u00e1ndez<\/a>\u00a0tuvo su origen, seg\u00fan la presidenta, en el acuerdo que su Gobierno firm\u00f3 con Ir\u00e1n en 2013 sobre\u00a0<a href=\"http:\/\/internacional.elpais.com\/tag\/caso_amia\/a\/\">los atentados de la AMIA.<\/a><\/p>\n<p>Fern\u00e1ndez asegur\u00f3 que la disoluci\u00f3n de la Secretar\u00eda de Inteligencia), m\u00e1s conocida por los argentinos por su antiguo nombre de SIDE (Secretar\u00eda de Inteligencia del Estado) es una deuda que ten\u00eda la democracia desde 1983. La presidenta pretende iniciar el tr\u00e1mite legislativo del proyecto esta misma semana, antes del viaje que emprender\u00e1 el pr\u00f3ximo s\u00e1bado a China. La reforma concluir\u00e1 \u201cen un plazo no prorrogable de 90 d\u00edas\u201d con la creaci\u00f3n de la Agencia Federal de Inteligencia.<\/p>\n<p>Esta nueva Agencia estar\u00e1 a cargo de un director y un subdirector general, que ser\u00e1n nombrados por el Ejecutivo, pero con acuerdo del Senado.\u00a0Con la entrada en vigor del proyecto, el sistema judicial de escuchas -es decir el de los pinchazos de tel\u00e9fono- ya no depender\u00e1 del Ejecutivo sino del ministerio p\u00fablico fiscal. Y los agentes solo podr\u00e1n tener contacto con jueces y fiscales a trav\u00e9s del director del organismo.<\/p>\n<p>La presidenta volvi\u00f3 a insistir sobre la idea, ya avanzada en las dos cartas que public\u00f3 en Facebook la semana pasada, de que a Nisman le escribieron su denuncia contra ella agentes de los servicios secretos. \u201cNo hay un solo abogado\u201d, se\u00f1al\u00f3, \u201cun solo doctrinario, un solo magistrado que, una vez que se conoci\u00f3 la denuncia, pueda creer que eso haya sido escrito por un abogado, mucho menos por un fiscal. No puede caber en la cabeza de nadie\u201d.<\/p>\n<p>Fern\u00e1ndez inform\u00f3 de que se enter\u00f3 de la confirmaci\u00f3n de la muerte de Alberto Nisman a las dos y media o las tres de la ma\u00f1ana del lunes. A esa hora supo que la persona que yac\u00eda en el ba\u00f1o de la casa de Nisman en un charco de sangre era el propio Nisman.\u00a0&#8220;Yo me enter\u00e9 de que algo estaba sucediendo el lunes a las 00.30 cuando se comunica conmigo la ministra de seguridad Mar\u00eda Cecilia Rodr\u00edguez y me dijo que ocurri\u00f3 &#8216;un incidente en el departamento del fiscal Nisman&#8217;. Yo pens\u00e9 que era un chiste de mal gusto&#8221;, indic\u00f3 Fern\u00e1ndez. &#8220;Me pregunt\u00e9 c\u00f3mo nadie entraba. Reci\u00e9n me confirman a las 2.30 que era el cuerpo del doctor Nisman. A esa hora se enter\u00f3 la presidenta de la Rep\u00fablica de este desgraciado suceso&#8221;, a\u00f1adi\u00f3.<\/p>\n<p>En cuanto termin\u00f3 de hablar, varios diputados de la oposici\u00f3n criticaron el proyecto de Fern\u00e1ndez. Uno de los principales argumentos esgrimidos en su contra es que el proyecto porque delega el sistema de escuchas en el ministerio fiscal, al frente del cual se encuentra Alejandra Gils Carb\u00f3, a quien la oposici\u00f3n critica por su aparente obediencia incondicional a la Casa Rosada.<\/p>\n<p>\u201cLa presidenta no puede victimizarse porque todo lo que ha pasado es de la exclusiva responsabilidad de su Gobierno\u201d indic\u00f3 en el canal TN el senador de la Uni\u00f3n C\u00edvica Radical Ernesto Sanz. \u201cEsta cadena [nacional tuvo un gran ausente: la autocr\u00edtica. No puede ser que ante cualquier cosa que ocurre en la Argentina siempre hay un tercero que tiene la culpa\u201d, a\u00f1adi\u00f3 Sanz.<\/p>\n<p>Por otra parte, el d\u00eda trajo una peque\u00f1a novedad en el caso Nisman. Diego Lagomarsino, el colaborador que le prest\u00f3 la pistola que finalmente provocar\u00eda la muerte del fiscal, ha sido imputado en el caso, ya que prestar un arma propia est\u00e1 penado con hasta seis a\u00f1os de c\u00e1rcel.<\/p>\n","protected":false},"excerpt":{"rendered":"<p>La presidenta de Argentina achaca a los servicios secretos del Estado la denuncia que realiz\u00f3 el fiscal Nisman contra ella<\/p>\n","protected":false},"author":5842,"featured_media":0,"comment_status":"open","ping_status":"open","sticky":false,"template":"","format":"standard","meta":{"footnotes":""},"categories":[24],"tags":[],"class_list":["post-459914","post","type-post","status-publish","format-standard","hentry","category-mundo"],"_links":{"self":[{"href":"https:\/\/diarioelpopular.com\/index.php\/wp-json\/wp\/v2\/posts\/459914","targetHints":{"allow":["GET"]}}],"collection":[{"href":"https:\/\/diarioelpopular.com\/index.php\/wp-json\/wp\/v2\/posts"}],"about":[{"href":"https:\/\/diarioelpopular.com\/index.php\/wp-json\/wp\/v2\/types\/post"}],"author":[{"embeddable":true,"href":"https:\/\/diarioelpopular.com\/index.php\/wp-json\/wp\/v2\/users\/5842"}],"replies":[{"embeddable":true,"href":"https:\/\/diarioelpopular.com\/index.php\/wp-json\/wp\/v2\/comments?post=459914"}],"version-history":[{"count":1,"href":"https:\/\/diarioelpopular.com\/index.php\/wp-json\/wp\/v2\/posts\/459914\/revisions"}],"predecessor-version":[{"id":459916,"href":"https:\/\/diarioelpopular.com\/index.php\/wp-json\/wp\/v2\/posts\/459914\/revisions\/459916"}],"wp:attachment":[{"href":"https:\/\/diarioelpopular.com\/index.php\/wp-json\/wp\/v2\/media?parent=459914"}],"wp:term":[{"taxonomy":"category","embeddable":true,"href":"https:\/\/diarioelpopular.com\/index.php\/wp-json\/wp\/v2\/categories?post=459914"},{"taxonomy":"post_tag","embeddable":true,"href":"https:\/\/diarioelpopular.com\/index.php\/wp-json\/wp\/v2\/tags?post=459914"}],"curies":[{"name":"wp","href":"https:\/\/api.w.org\/{rel}","templated":true}]}}