{"id":459951,"date":"2015-01-29T18:44:24","date_gmt":"2015-01-29T23:44:24","guid":{"rendered":"http:\/\/diarioelpopular.com\/?p=459951"},"modified":"2015-02-03T21:35:22","modified_gmt":"2015-02-04T02:35:22","slug":"quebec-presentao-nuevas-reglas-de-asistencia-social","status":"publish","type":"post","link":"https:\/\/diarioelpopular.com\/index.php\/2015\/01\/29\/quebec-presentao-nuevas-reglas-de-asistencia-social\/","title":{"rendered":"Quebec presenta\u00f3 nuevas reglas de asistencia social"},"content":{"rendered":"<div id=\"attachment_459952\" style=\"width: 522px\" class=\"wp-caption aligncenter\"><a href=\"https:\/\/diarioelpopular.com\/wp-content\/uploads\/2015\/01\/foto-1-breves-111.jpg\"><img loading=\"lazy\" decoding=\"async\" aria-describedby=\"caption-attachment-459952\" class=\"size-full wp-image-459952\" src=\"https:\/\/diarioelpopular.com\/wp-content\/uploads\/2015\/01\/foto-1-breves-111.jpg\" alt=\"Ajustes agravar\u00e1n las dificultades causadas por otros recortes en programas sociales.\" width=\"512\" height=\"288\" \/><\/a><p id=\"caption-attachment-459952\" class=\"wp-caption-text\">Ajustes agravar\u00e1n las dificultades causadas por otros recortes en programas sociales.<\/p><\/div>\n<p><strong><em>MONTREAL.-<\/em><\/strong> El gobierno de Quebec anunci\u00f3 reformas que afectar\u00e1n a los beneficiarios de asistencia social bajo ciertas circunstancias, con dos o m\u00e1s compa\u00f1eros, due\u00f1os de viviendas o permanecen tiempo significativo fuera de la provincia.<\/p>\n<p>Los beneficiarios con 15 o m\u00e1s d\u00edas fuera de Quebec tambi\u00e9n ver\u00e1n afectados su ayuda, de acuerdo con las nuevas normas que entrar\u00e1n en vigor el 1ero. de julio.<\/p>\n<p>El Ministro de Empleo, Francois Blais, explic\u00f3 que quienes tienen m\u00e1s de un compa\u00f1ero recibir\u00e1n menos y los receptores que no reporten sus ingresos completos ser\u00e1n penalizados.<\/p>\n<p>Algunos cr\u00edticos se apresuraron a denunciar las medidas.<\/p>\n<p>&#8220;El tipo de cambios que est\u00e1n proponiendo ciertamente est\u00e1 basado en prejuicios acerca de los destinatarios de asistencia. Creemos que no hay un entendimientos sobre la realidad de las personas m\u00e1s marginales de nuestra sociedad&#8221;, dijo Cathy Inouye del Proyecto G\u00e9nesis.<\/p>\n<p>El gobierno de Quebec espera ahorrar $ 16 millones con los ajustes, que se estiman afectar\u00e1n a 16.000 de los 442.000 beneficiarios de asistencia social de la provincia.<\/p>\n<p>Una trabajadora social se\u00f1al\u00f3 que los ajustes agravar\u00e1n las dificultades causadas por otros recortes sociales. Kady Cavanaugh, representante de Multi-Caf, coment\u00f3: &#8220;Tenemos un lugar donde la gente puede venir y trabajar. El gobierno ha hecho recortes a ese programa&#8221;.<\/p>\n","protected":false},"excerpt":{"rendered":"<p>MONTREAL.- El gobierno de Quebec anunci\u00f3 reformas que afectar\u00e1n a los beneficiarios de asistencia social bajo ciertas circunstancias, con dos o m\u00e1s compa\u00f1eros, due\u00f1os de&hellip;<\/p>\n","protected":false},"author":5842,"featured_media":0,"comment_status":"open","ping_status":"open","sticky":false,"template":"","format":"standard","meta":{"footnotes":""},"categories":[21],"tags":[],"class_list":["post-459951","post","type-post","status-publish","format-standard","hentry","category-canada"],"_links":{"self":[{"href":"https:\/\/diarioelpopular.com\/index.php\/wp-json\/wp\/v2\/posts\/459951","targetHints":{"allow":["GET"]}}],"collection":[{"href":"https:\/\/diarioelpopular.com\/index.php\/wp-json\/wp\/v2\/posts"}],"about":[{"href":"https:\/\/diarioelpopular.com\/index.php\/wp-json\/wp\/v2\/types\/post"}],"author":[{"embeddable":true,"href":"https:\/\/diarioelpopular.com\/index.php\/wp-json\/wp\/v2\/users\/5842"}],"replies":[{"embeddable":true,"href":"https:\/\/diarioelpopular.com\/index.php\/wp-json\/wp\/v2\/comments?post=459951"}],"version-history":[{"count":1,"href":"https:\/\/diarioelpopular.com\/index.php\/wp-json\/wp\/v2\/posts\/459951\/revisions"}],"predecessor-version":[{"id":459953,"href":"https:\/\/diarioelpopular.com\/index.php\/wp-json\/wp\/v2\/posts\/459951\/revisions\/459953"}],"wp:attachment":[{"href":"https:\/\/diarioelpopular.com\/index.php\/wp-json\/wp\/v2\/media?parent=459951"}],"wp:term":[{"taxonomy":"category","embeddable":true,"href":"https:\/\/diarioelpopular.com\/index.php\/wp-json\/wp\/v2\/categories?post=459951"},{"taxonomy":"post_tag","embeddable":true,"href":"https:\/\/diarioelpopular.com\/index.php\/wp-json\/wp\/v2\/tags?post=459951"}],"curies":[{"name":"wp","href":"https:\/\/api.w.org\/{rel}","templated":true}]}}