{"id":459981,"date":"2015-01-31T00:02:23","date_gmt":"2015-01-31T05:02:23","guid":{"rendered":"http:\/\/diarioelpopular.com\/?p=459981"},"modified":"2015-01-29T20:34:56","modified_gmt":"2015-01-30T01:34:56","slug":"buscan-a-cuatro-sospechosos-en-invasion-de-north-york","status":"publish","type":"post","link":"https:\/\/diarioelpopular.com\/index.php\/2015\/01\/31\/buscan-a-cuatro-sospechosos-en-invasion-de-north-york\/","title":{"rendered":"Buscan a cuatro sospechosos en invasi\u00f3n de North York"},"content":{"rendered":"<div id=\"attachment_459982\" style=\"width: 570px\" class=\"wp-caption aligncenter\"><a href=\"https:\/\/diarioelpopular.com\/wp-content\/uploads\/2015\/01\/foto-1-breves-2-1.jpg\"><img loading=\"lazy\" decoding=\"async\" aria-describedby=\"caption-attachment-459982\" class=\"size-large wp-image-459982\" src=\"https:\/\/diarioelpopular.com\/wp-content\/uploads\/2015\/01\/foto-1-breves-2-1-560x420.jpg\" alt=\"El presunto incidente en un apartamento en la zona de Yonge y Sheppard.\" width=\"560\" height=\"420\" \/><\/a><p id=\"caption-attachment-459982\" class=\"wp-caption-text\">El presunto incidente en un apartamento en la zona de Yonge y Sheppard.<\/p><\/div>\n<p><strong><em>TORONTO.-<\/em><\/strong> La Polic\u00eda de Toronto est\u00e1 buscando a cuatro hombres en relaci\u00f3n con un allanamiento violento de vivienda en North York.<\/p>\n<p>El presunto incidente ocurri\u00f3 a las 7:30 pm, en un apartamento en la zona de Yonge Street y Sheppard Avenue.<\/p>\n<p>El cuerpo policial inform\u00f3 que una mujer de 46 a\u00f1os de edad, respondi\u00f3 a su puerta, cuando cuatro hombres irrumpieron en el interior de la vivienda. Uno de ellos portaba una pistola.<\/p>\n<p>La propiedad fue saqueada y robada. La v\u00edctima tambi\u00e9n fue agredida sexualmente, de acuerdo con la polic\u00eda.<\/p>\n<p>El primer sospechoso es descrito negro con una tez marr\u00f3n claro, joven, rostro corto y redondo.<\/p>\n<p>El segundo es moreno, alrededor de 20 a\u00f1os, mejillas hundidas y ojos peque\u00f1os. Llevaba una chaqueta corta, pantal\u00f3n negro, gorra de b\u00e9isbol negra y ten\u00eda su rostro cubierto.<\/p>\n<p>El tercer sospechoso tiene rostro color marr\u00f3n con ojos resaltantes. Llevaba una chaqueta de color verde claro.<\/p>\n<p>El cuarto ten\u00eda el rostro completamente cubierto a excepci\u00f3n de sus ojos y la boca. Vest\u00eda una chaqueta de color beige.<\/p>\n<p>La Polic\u00eda de Toronto declar\u00f3 que se consideran violentos, armados y peligrosos. Cualquier persona con informaci\u00f3n debe contactar al 911.<\/p>\n","protected":false},"excerpt":{"rendered":"<p>La Polic\u00eda de Toronto est\u00e1 buscando a cuatro hombres en relaci\u00f3n con un allanamiento violento de vivienda en North York.<\/p>\n","protected":false},"author":5842,"featured_media":0,"comment_status":"open","ping_status":"open","sticky":false,"template":"","format":"standard","meta":{"footnotes":""},"categories":[21],"tags":[],"class_list":["post-459981","post","type-post","status-publish","format-standard","hentry","category-canada"],"_links":{"self":[{"href":"https:\/\/diarioelpopular.com\/index.php\/wp-json\/wp\/v2\/posts\/459981","targetHints":{"allow":["GET"]}}],"collection":[{"href":"https:\/\/diarioelpopular.com\/index.php\/wp-json\/wp\/v2\/posts"}],"about":[{"href":"https:\/\/diarioelpopular.com\/index.php\/wp-json\/wp\/v2\/types\/post"}],"author":[{"embeddable":true,"href":"https:\/\/diarioelpopular.com\/index.php\/wp-json\/wp\/v2\/users\/5842"}],"replies":[{"embeddable":true,"href":"https:\/\/diarioelpopular.com\/index.php\/wp-json\/wp\/v2\/comments?post=459981"}],"version-history":[{"count":1,"href":"https:\/\/diarioelpopular.com\/index.php\/wp-json\/wp\/v2\/posts\/459981\/revisions"}],"predecessor-version":[{"id":459983,"href":"https:\/\/diarioelpopular.com\/index.php\/wp-json\/wp\/v2\/posts\/459981\/revisions\/459983"}],"wp:attachment":[{"href":"https:\/\/diarioelpopular.com\/index.php\/wp-json\/wp\/v2\/media?parent=459981"}],"wp:term":[{"taxonomy":"category","embeddable":true,"href":"https:\/\/diarioelpopular.com\/index.php\/wp-json\/wp\/v2\/categories?post=459981"},{"taxonomy":"post_tag","embeddable":true,"href":"https:\/\/diarioelpopular.com\/index.php\/wp-json\/wp\/v2\/tags?post=459981"}],"curies":[{"name":"wp","href":"https:\/\/api.w.org\/{rel}","templated":true}]}}