{"id":4600,"date":"2011-07-12T22:47:14","date_gmt":"2011-07-13T02:47:14","guid":{"rendered":"http:\/\/retrolab.ca\/elpopular\/?p=4600"},"modified":"2011-07-12T22:47:14","modified_gmt":"2011-07-13T02:47:14","slug":"el-aleman-greipel-tapa-la-boca-a-cavendish","status":"publish","type":"post","link":"https:\/\/diarioelpopular.com\/index.php\/2011\/07\/12\/el-aleman-greipel-tapa-la-boca-a-cavendish\/","title":{"rendered":"El alem\u00e1n Greipel tapa la boca a Cavendish"},"content":{"rendered":"<div id=\"attachment_4601\" style=\"width: 710px\" class=\"wp-caption aligncenter\"><a href=\"http:\/\/retrolab.ca\/elpopular\/wp-content\/uploads\/2011\/07\/Tour-de-Francia-d\u00e9cima-etapa.jpg\"><img loading=\"lazy\" decoding=\"async\" aria-describedby=\"caption-attachment-4601\" class=\"size-full wp-image-4601\" title=\"Tour de Francia, d\u00e9cima etapa\" src=\"http:\/\/retrolab.ca\/elpopular\/wp-content\/uploads\/2011\/07\/Tour-de-Francia-d\u00e9cima-etapa.jpg\" alt=\"\" width=\"700\" height=\"420\" \/><\/a><p id=\"caption-attachment-4601\" class=\"wp-caption-text\">El ciclista alem\u00e1n Andr\u00e9 Greipel, ganador, disputa la etapa con el brit\u00e1nico Mark Cavendish, segundo, en la d\u00e9cima etapa del Tour de Francia disputada entre Aurillac y Carmaux. Foto: Toni Albir \/ Efe<\/p><\/div>\n<p><em>Carlos de Torres. Carmaux (Francia).- <\/em>El alem\u00e1n Andr\u00e9 Greipel, del Omega Pharma, enemigo declarado del brit\u00e1nico Mark Cavendish, ha sido el ganador al esprint de la d\u00e9cima etapa del\u00a0Tour, disputada entre Aurillac y Carmaux, de 158 kil\u00f3metros, en jornada sin cambios entre los favoritos y de transici\u00f3n hacia los Pirineos y en la que el franc\u00e9s Thomas Voeckler (Europcar) mantuvo el maillot amarillo.<\/p>\n<p>Greipel, debutante en el\u00a0Tour, bati\u00f3 por velocidad a Cavendish, su ex compa\u00f1ero y enemigo \u00edntimo en el HTC Columbia, el hombre que le asegur\u00f3 que no ganar\u00eda nada mientras estuviera en su equipo o en la misma carrera que \u00e9l. Una victoria con sabor a venganza, incluso una respuesta a un odio declarado, de la que fue testigo cercano Jos\u00e9 Joaqu\u00edn Rojas (Movistar), tercero, y recuperado para la lucha por el maillot verde tras un d\u00eda enfermo por un virus intestinal.<\/p>\n<p>El alem\u00e1n, 28 a\u00f1os, nacido en Rostock (antigua RDA), como Jan Ullrich, levant\u00f3 los brazos m\u00e1s euf\u00f3rico que nunca en Carmaux, pues esa victoria tambi\u00e9n significaba el estreno de su palmar\u00e9s en el\u00a0Tour\u00a0y el ingreso en el grupo de corredores con etapas en las tres grandes. En la Vuelta tiene 4 y en el Giro 2. Tambi\u00e9n compens\u00f3 los sinsabores de su equipo, que perdi\u00f3 en la ca\u00edda del pasado domingo a Van den Broeck y Willems.<\/p>\n<p>Mientras Cavendish justificaba su derrota m\u00e1s amarga &#8220;por falta de compa\u00f1eros&#8221;, Greipel se mostraba diplom\u00e1tico, &#8220;Cavendish es un deportista formidable y es un gran honor estar a su altura y ganarle. Es el momento que esperaba desde principios de a\u00f1o. Espero que a\u00fan tengamos grandes batallas&#8221;, dijo.<\/p>\n<p>Se saldaron cuentas personales en una jornada que no presentaba grandes dificultades, que empez\u00f3 con una monumental lluvia y posterior granizada en Aurillac. Un capitulo de transici\u00f3n hacia los Pirineos que permiti\u00f3 a los favoritos pasar p\u00e1gina y a los &#8216;cazaetapas&#8217; y esprinters jugar sus cartas.<\/p>\n<p>La general no cambi\u00f3 y el franc\u00e9s Thomas Voeckler defendi\u00f3 con u\u00f1as y dientes el maillot amarillo. Luis Le\u00f3n S\u00e1nchez (Rabobank) es segundo a 1.49 minutos y tercero Cadel Evans a 2.26. Los favoritos siguen en un pa\u00f1uelo de minuto y medio, con Alberto Contador decimosexto, en espera de la monta\u00f1a y con la rodilla en v\u00edas de recuperaci\u00f3n, mejorada despu\u00e9s de una sesi\u00f3n de acupuntura aplicada el d\u00eda de descanso.<\/p>\n<p>La prensa reflejada la posibilidad de que el madrile\u00f1o se marchara a casa antes de los Pirineos, por lo que en la salida tuvo que explicar su punto de vista. &#8220;Estoy bien y no se me ha pasado por la imaginaci\u00f3n. Me retirar\u00e9 cuando llegue a Par\u00eds&#8221;, zanj\u00f3.<\/p>\n<p>No tomaron la salida el ucraniano Popovych, por enfermedad, tercera baja del Radioshack, ni el ruso Kolobnev (Katusha), primer caso de dopaje en elTour, por lo que la lacra del ciclismo y del deporte vuelve a ser noticia.<\/p>\n<p>Y tampoco faltaron las ca\u00eddas. En el kil\u00f3metro 11 cayeron varios corredores, entre los que se encontraban el estadounidense Leipheimer, que no se pierde una, el holand\u00e9s Robert Gesink, y Fabian Cancellara.<\/p>\n<p>Ya no hubo m\u00e1s accidentes. Luego se form\u00f3 la escapada de turno en el kil\u00f3metro 22 con Di Gregorio (Astana), Minard (AG2R), Vichot (FDJ), El Fares (Cofidis), Marcato (Vacansoleil) y Delaplace (Saur Sojasun. Ning\u00fan peligro, pues el mejor clasificado, El Fares, estaba en la general a 15 minutos. Ritmo de r\u00e9cord, pues en la primera hora se cubrieron 51,6 kil\u00f3metros.<\/p>\n<p>El Europcar del l\u00edder se encarg\u00f3 de estabilizar la fuga, y el HTC de anularla a 16 kil\u00f3metros de meta. Empezaba la lucha por el esprint, pero Philippe Gilbert, el n\u00famero uno mundial ten\u00eda ganas de lograr otra victoria, y atac\u00f3 en la Cota de Mirandol Bourgnounac, a 16 de meta.<\/p>\n<p>&#8220;Phil Gil&#8221;, el corredor m\u00e1s deseado por todos los equipos del circuito mundial, rompi\u00f3 el pelot\u00f3n con una fuerza descomunal. En principio se soldaron Voeckler, Gallopin, Tony Martin y Devenyns, pero termin\u00f3 por quedarse solo. Mucho esfuerzo desde muy lejos. se termin\u00f3 quemando el campe\u00f3n belga, presa del pelot\u00f3n a 4,5 kil\u00f3metros de la pancarta.<\/p>\n<p>El HTC trat\u00f3 de montar la maquinaria del esprint, la fila supers\u00f3nica que suele llevar en silla de plata a Cavendish, pero se col\u00f3 en la fiesta el italiano del Liquigas Daniel Oss. No hubo control de la escuadra estadounidense, el esprinter de la Isla de Man se qued\u00f3 solo y apareci\u00f3 Greipel como un ob\u00fas para inaugurar su cuenta en el\u00a0Tour.<\/p>\n<p>Sexta victoria de la temporada para el ciclista germano, profesional desde 2005. En su palmar\u00e9s tambi\u00e9n tiene dos triunfos absolutos en el\u00a0Tour\u00a0Down Under australiano, prueba en la que acumula 8 etapas. Una vez Cavendish infravalor\u00f3 estos logros de Greipel diciendo que &#8220;solo hay que ver quien ha sido segundo&#8221;. El alem\u00e1n ya le puede ir invitando a su ex compa\u00f1ero a ver la clasificaci\u00f3n de la d\u00e9cima etapa del\u00a0Tour\u00a02011.<\/p>\n<p>La und\u00e9cima etapa se disputa entre Blaye Les Mines y Lavaur, de 167,5 kil\u00f3metros, jornada propicia para aventureros que no descarta una llegada al esprint. EFE<\/p>\n","protected":false},"excerpt":{"rendered":"<p>El alem\u00e1n Andr\u00e9 Greipel, enemigo declarado del brit\u00e1nico Mark Cavendish, gan\u00f3 al esprint la d\u00e9cima etapa del Tour, en una jornada sin cambios entre los favoritos y de transici\u00f3n hacia los Pirineos. El franc\u00e9s Thomas Voeckler mantuvo el maillot amarillo.<\/p>\n","protected":false},"author":1,"featured_media":4601,"comment_status":"closed","ping_status":"open","sticky":false,"template":"","format":"standard","meta":{"footnotes":""},"categories":[28],"tags":[6598,1215,6722,1481,6723],"class_list":["post-4600","post","type-post","status-publish","format-standard","has-post-thumbnail","hentry","category-deportes","tag-cavendish","tag-ciclismo","tag-greipel","tag-tour","tag-voeckler"],"_links":{"self":[{"href":"https:\/\/diarioelpopular.com\/index.php\/wp-json\/wp\/v2\/posts\/4600","targetHints":{"allow":["GET"]}}],"collection":[{"href":"https:\/\/diarioelpopular.com\/index.php\/wp-json\/wp\/v2\/posts"}],"about":[{"href":"https:\/\/diarioelpopular.com\/index.php\/wp-json\/wp\/v2\/types\/post"}],"author":[{"embeddable":true,"href":"https:\/\/diarioelpopular.com\/index.php\/wp-json\/wp\/v2\/users\/1"}],"replies":[{"embeddable":true,"href":"https:\/\/diarioelpopular.com\/index.php\/wp-json\/wp\/v2\/comments?post=4600"}],"version-history":[{"count":0,"href":"https:\/\/diarioelpopular.com\/index.php\/wp-json\/wp\/v2\/posts\/4600\/revisions"}],"wp:featuredmedia":[{"embeddable":true,"href":"https:\/\/diarioelpopular.com\/index.php\/wp-json\/"}],"wp:attachment":[{"href":"https:\/\/diarioelpopular.com\/index.php\/wp-json\/wp\/v2\/media?parent=4600"}],"wp:term":[{"taxonomy":"category","embeddable":true,"href":"https:\/\/diarioelpopular.com\/index.php\/wp-json\/wp\/v2\/categories?post=4600"},{"taxonomy":"post_tag","embeddable":true,"href":"https:\/\/diarioelpopular.com\/index.php\/wp-json\/wp\/v2\/tags?post=4600"}],"curies":[{"name":"wp","href":"https:\/\/api.w.org\/{rel}","templated":true}]}}