{"id":460025,"date":"2015-02-04T00:04:58","date_gmt":"2015-02-04T05:04:58","guid":{"rendered":"http:\/\/diarioelpopular.com\/?p=460025"},"modified":"2015-02-03T21:33:08","modified_gmt":"2015-02-04T02:33:08","slug":"continua-juicio-por-el-caso-del-complot-en-via-rail","status":"publish","type":"post","link":"https:\/\/diarioelpopular.com\/index.php\/2015\/02\/04\/continua-juicio-por-el-caso-del-complot-en-via-rail\/","title":{"rendered":"Contin\u00faa juicio por el caso del complot en Via Rail"},"content":{"rendered":"<div id=\"attachment_460026\" style=\"width: 570px\" class=\"wp-caption aligncenter\"><a href=\"https:\/\/diarioelpopular.com\/wp-content\/uploads\/2015\/02\/foto-1-breves-21.jpg\"><img loading=\"lazy\" decoding=\"async\" aria-describedby=\"caption-attachment-460026\" class=\"size-large wp-image-460026\" src=\"https:\/\/diarioelpopular.com\/wp-content\/uploads\/2015\/02\/foto-1-breves-21-560x315.jpg\" alt=\"La Corona ha alegado que los sospechosos estaban motivados por el extremismo isl\u00e1mico.\" width=\"560\" height=\"315\" \/><\/a><p id=\"caption-attachment-460026\" class=\"wp-caption-text\">La Corona ha alegado que los sospechosos estaban motivados por el extremismo isl\u00e1mico.<\/p><\/div>\n<p><strong><em>TORONTO.-<\/em><\/strong> Un agente encubierto del FBI que se gan\u00f3 la confianza de dos hombres acusados de planear un ataque terrorista contra un tren que viajaba entre Canad\u00e1 y EE.UU. declar\u00f3 los detalles de su operaci\u2019on.<\/p>\n<p>Mientras viaja desde Montreal a Toronto escuch\u00f3 que un hombre le comenta a otro sobre un plan &#8220;para descarrilar un tren en la ruta de Nueva York a Toronto.&#8221;<\/p>\n<p>Raed Jaser y Chiheb Esseghaier se enfrentan a m\u00faltiples cargos en el presunto complot terrorista en el Via Rail de Toronto.<\/p>\n<p>El agente encubierto, que grab\u00f3 conversaciones como evidencia crucial en el caso, dijo que Esseghaier coment\u00f3 sobre su &#8220;formaci\u00f3n en el extranjero con los muyahidines&#8221;, lo cual motiv\u00f3 su plan.<\/p>\n<p>Tambi\u00e9n dijo que Esseghaier le habl\u00f3 de otra idea que ten\u00eda que contratar un chef musulm\u00e1n para envenenar las tropas del ej\u00e9rcito.<\/p>\n<p>El oficial asegur\u00f3 que todos los planes fueron un esfuerzo para &#8220;enviar un mensaje al mundo occidental a retirarse de la ocupaci\u00f3n en el extranjero de las tierras musulmanas&#8221;.<\/p>\n<p>La Corona ha alegado que Jaser y Esseghaier estaban motivados por el extremismo isl\u00e1mico y pasaron meses conspirando para cometer asesinatos.<\/p>\n<p>El Fiscal de la Corona, Croft Michaelson, dijo ante la Corte que Esseghaier viaj\u00f3 a Ir\u00e1n a principios de 2012 y se reuni\u00f3 con personas que estaban &#8220;llevando a cabo Jihad por la causa de Al\u00e1\u201d.<\/p>\n<p>Michaelson dijo: \u201cEsseghaier regres\u00f3 a Canad\u00e1 con la intenci\u00f3n de establecer una c\u00e9lula terrorista para llevar a cabo actos terroristas en Canad\u00e1\u201d.<\/p>\n<p>Foto 1 breves 2 pag 4<\/p>\n<p>La Corona ha alegado que los sospechosos estaban motivados por el extremismo isl\u00e1mico.<\/p>\n<p>&nbsp;<\/p>\n<p>TTC retir\u00f3 se\u00f1al con imagen considerada inapropiada<\/p>\n<p>TORONTO.-Trabajadores TTC desmontaron una se\u00f1al de la estaci\u00f3n de Downsview, despu\u00e9s de que el mapa de la plataforma del autob\u00fas comenz\u00f3 a circular por Internet con mensajes alegando que la imagen ten\u00eda forma de un \u2018organo sexual masculino.<\/p>\n<p>&#8220;Todos lo que hab\u00edan visto la se\u00f1al, coincidieron en que parec\u00eda un s\u00edmbolo muy f\u00e1lico y no queremos que ninguno de nuestros mapas sean mal interpretados, as\u00ed que estamos procediendo a su sustituci\u00f3n,&#8221; dijo el vocero de TTC, Brad Ross.<\/p>\n<p>\u201cNo tengo quejas de la poblaci\u00f3n\u201d, agreg\u00f3.<\/p>\n<p>Varios empleados de TTC retiraron la se\u00f1al, a las 10:15 am en la estaci\u00f3n de autobuses.<\/p>\n<p>Cuando se mostr\u00f3 una imagen del llamado \u201cmapa excitante\u201d , varios usuarios sonrieron con picard\u00eda.<\/p>\n<p>Una mujer que no quiso ser identificada estaba convencida de que, al contrario, la imagen es similar a un hongo.<\/p>\n<p>&#8220;Es un hongo&#8221;, insisti\u00f3. &#8220;Cuando estoy buscando la ruta del autob\u00fas, yo no estoy pensando en la forma. Soy ingeniero. Depende del nivel de educaci\u00f3n y la imaginaci\u00f3n\u201d.<\/p>\n<p>La imagen fue comentada ampliamente en Reddit.<\/p>\n","protected":false},"excerpt":{"rendered":"<p>Un agente encubierto del FBI que se gan\u00f3 la confianza de dos hombres acusados de planear un ataque terrorista contra un tren que viajaba entre Canad\u00e1 y EE.UU. declar\u00f3 los detalles de su operaci\u2019on.<\/p>\n","protected":false},"author":5842,"featured_media":0,"comment_status":"open","ping_status":"open","sticky":false,"template":"","format":"standard","meta":{"footnotes":""},"categories":[21],"tags":[],"class_list":["post-460025","post","type-post","status-publish","format-standard","hentry","category-canada"],"_links":{"self":[{"href":"https:\/\/diarioelpopular.com\/index.php\/wp-json\/wp\/v2\/posts\/460025","targetHints":{"allow":["GET"]}}],"collection":[{"href":"https:\/\/diarioelpopular.com\/index.php\/wp-json\/wp\/v2\/posts"}],"about":[{"href":"https:\/\/diarioelpopular.com\/index.php\/wp-json\/wp\/v2\/types\/post"}],"author":[{"embeddable":true,"href":"https:\/\/diarioelpopular.com\/index.php\/wp-json\/wp\/v2\/users\/5842"}],"replies":[{"embeddable":true,"href":"https:\/\/diarioelpopular.com\/index.php\/wp-json\/wp\/v2\/comments?post=460025"}],"version-history":[{"count":1,"href":"https:\/\/diarioelpopular.com\/index.php\/wp-json\/wp\/v2\/posts\/460025\/revisions"}],"predecessor-version":[{"id":460027,"href":"https:\/\/diarioelpopular.com\/index.php\/wp-json\/wp\/v2\/posts\/460025\/revisions\/460027"}],"wp:attachment":[{"href":"https:\/\/diarioelpopular.com\/index.php\/wp-json\/wp\/v2\/media?parent=460025"}],"wp:term":[{"taxonomy":"category","embeddable":true,"href":"https:\/\/diarioelpopular.com\/index.php\/wp-json\/wp\/v2\/categories?post=460025"},{"taxonomy":"post_tag","embeddable":true,"href":"https:\/\/diarioelpopular.com\/index.php\/wp-json\/wp\/v2\/tags?post=460025"}],"curies":[{"name":"wp","href":"https:\/\/api.w.org\/{rel}","templated":true}]}}