{"id":460117,"date":"2015-02-11T00:04:30","date_gmt":"2015-02-11T05:04:30","guid":{"rendered":"http:\/\/diarioelpopular.com\/?p=460117"},"modified":"2015-02-10T18:39:51","modified_gmt":"2015-02-10T23:39:51","slug":"policia-realizo-arresto-relacionado-con-el-quinto-homicidio-del-ano","status":"publish","type":"post","link":"https:\/\/diarioelpopular.com\/index.php\/2015\/02\/11\/policia-realizo-arresto-relacionado-con-el-quinto-homicidio-del-ano\/","title":{"rendered":"Polic\u00eda realiz\u00f3 arresto relacionado con el quinto homicidio del a\u00f1o."},"content":{"rendered":"<div id=\"attachment_460118\" style=\"width: 570px\" class=\"wp-caption aligncenter\"><a href=\"https:\/\/diarioelpopular.com\/wp-content\/uploads\/2015\/02\/foto-1-breves-3-.jpg\"><img loading=\"lazy\" decoding=\"async\" aria-describedby=\"caption-attachment-460118\" class=\"size-large wp-image-460118\" src=\"https:\/\/diarioelpopular.com\/wp-content\/uploads\/2015\/02\/foto-1-breves-3--560x315.jpg\" alt=\"La Polic\u00eda de Toronto inform\u00f3 que Jason Andrew Boucher se enfrenta a cargos de asesinato en segundo grado.\" width=\"560\" height=\"315\" \/><\/a><p id=\"caption-attachment-460118\" class=\"wp-caption-text\">La Polic\u00eda de Toronto inform\u00f3 que Jason Andrew Boucher se enfrenta a cargos de asesinato en segundo grado.<\/p><\/div>\n<p><strong><em>TORONTO.-<\/em> <\/strong>Scott Savoy, 48 a\u00f1os de edad, fue encontrado muerto en su apartamento en el \u00e1rea de Danforth y Kennedy, en d\u00edas pasados.<\/p>\n<p>Su fallecimiento constituy\u00f3 el homicidio n\u00famero cinco en la ciudad en lo que va del 2015.<\/p>\n<p>La Polic\u00eda de Toronto inform\u00f3 que Jason Andrew Boucher, 41 a\u00f1os y residente de Toronto, fue detenido y se enfrenta a cargos de asesinato en segundo grado en relaci\u00f3n con la muerte de Savoy.<\/p>\n<p>Boucher deber\u00e1 comparecer ante el tribunal, ubicado en 1911 Eglinton Ave. E.<\/p>\n","protected":false},"excerpt":{"rendered":"<p>Scott Savoy, 48 a\u00f1os de edad, fue encontrado muerto en su apartamento en el \u00e1rea de Danforth y Kennedy, en d\u00edas pasados.<\/p>\n","protected":false},"author":5842,"featured_media":0,"comment_status":"open","ping_status":"open","sticky":false,"template":"","format":"standard","meta":{"footnotes":""},"categories":[21],"tags":[],"class_list":["post-460117","post","type-post","status-publish","format-standard","hentry","category-canada"],"_links":{"self":[{"href":"https:\/\/diarioelpopular.com\/index.php\/wp-json\/wp\/v2\/posts\/460117","targetHints":{"allow":["GET"]}}],"collection":[{"href":"https:\/\/diarioelpopular.com\/index.php\/wp-json\/wp\/v2\/posts"}],"about":[{"href":"https:\/\/diarioelpopular.com\/index.php\/wp-json\/wp\/v2\/types\/post"}],"author":[{"embeddable":true,"href":"https:\/\/diarioelpopular.com\/index.php\/wp-json\/wp\/v2\/users\/5842"}],"replies":[{"embeddable":true,"href":"https:\/\/diarioelpopular.com\/index.php\/wp-json\/wp\/v2\/comments?post=460117"}],"version-history":[{"count":1,"href":"https:\/\/diarioelpopular.com\/index.php\/wp-json\/wp\/v2\/posts\/460117\/revisions"}],"predecessor-version":[{"id":460119,"href":"https:\/\/diarioelpopular.com\/index.php\/wp-json\/wp\/v2\/posts\/460117\/revisions\/460119"}],"wp:attachment":[{"href":"https:\/\/diarioelpopular.com\/index.php\/wp-json\/wp\/v2\/media?parent=460117"}],"wp:term":[{"taxonomy":"category","embeddable":true,"href":"https:\/\/diarioelpopular.com\/index.php\/wp-json\/wp\/v2\/categories?post=460117"},{"taxonomy":"post_tag","embeddable":true,"href":"https:\/\/diarioelpopular.com\/index.php\/wp-json\/wp\/v2\/tags?post=460117"}],"curies":[{"name":"wp","href":"https:\/\/api.w.org\/{rel}","templated":true}]}}