{"id":460169,"date":"2015-02-15T00:01:37","date_gmt":"2015-02-15T05:01:37","guid":{"rendered":"http:\/\/diarioelpopular.com\/?p=460169"},"modified":"2015-02-12T21:13:13","modified_gmt":"2015-02-13T02:13:13","slug":"perfiles-en-facebook-podran-ser-mantenidos-por-un-contacto","status":"publish","type":"post","link":"https:\/\/diarioelpopular.com\/index.php\/2015\/02\/15\/perfiles-en-facebook-podran-ser-mantenidos-por-un-contacto\/","title":{"rendered":"Perfiles en Facebook podr\u00e1n ser mantenidos por un contacto"},"content":{"rendered":"<div id=\"attachment_460170\" style=\"width: 570px\" class=\"wp-caption aligncenter\"><a href=\"https:\/\/diarioelpopular.com\/wp-content\/uploads\/2015\/02\/foto-1-breves-36.jpg\"><img loading=\"lazy\" decoding=\"async\" aria-describedby=\"caption-attachment-460170\" class=\"size-large wp-image-460170\" src=\"https:\/\/diarioelpopular.com\/wp-content\/uploads\/2015\/02\/foto-1-breves-36-560x373.jpg\" alt=\"Facebook est\u00e1 ofreciendo a los usuarios una forma de mantener sus perfiles actualizados despu\u00e9s de la muerte.\" width=\"560\" height=\"373\" \/><\/a><p id=\"caption-attachment-460170\" class=\"wp-caption-text\">Facebook est\u00e1 ofreciendo a los usuarios una forma de mantener sus perfiles actualizados despu\u00e9s de la muerte.<\/p><\/div>\n<p><strong><em>TORONTO.-<\/em> <\/strong>Los usuarios de Facebook pueden elegir la opci\u00f3n de Legacy Contact, en la que decidir\u00e1n si sus perfiles pueden continuar siendo actualizados o eliminados una vez que pierdan la vida.<\/p>\n<p>Facebook est\u00e1 ofreciendo a los usuarios una forma de mantener sus perfiles actualizados despu\u00e9s de la muerte.<\/p>\n<p>La nueva funci\u00f3n, con un lanzamiento inicialmente en EE.UU, permite al usuario elegir un contacto, un miembro de la familia o amigo que pueda conectarse por el usuario para notificar el fallecimiento.<\/p>\n<p>El contacto podr\u00eda proporcionar detalles sobre los servicios f\u00fanebres.<\/p>\n<p>Facebook ha indicado que la funci\u00f3n se expandir\u00e1 a otros pa\u00edses.<\/p>\n<p>Los usuarios tambi\u00e9n tienen la opci\u00f3n de tener sus cuentas eliminadas permanentemente cuando mueren.<\/p>\n<p>Anteriormente, cuando Facebook era notificado de la muerte de un usuario, su cuenta se convert\u00eda en una &#8220;cuenta conmemorada&#8221; que a\u00fan podr\u00eda ser vista, pero no permiti\u00f3 su administraci\u00f3n.<\/p>\n","protected":false},"excerpt":{"rendered":"<p>Los usuarios de Facebook pueden elegir la opci\u00f3n de Legacy Contact, en la que decidir\u00e1n si sus perfiles pueden continuar siendo actualizados o eliminados una vez que pierdan la vida.<\/p>\n","protected":false},"author":5842,"featured_media":0,"comment_status":"open","ping_status":"open","sticky":false,"template":"","format":"standard","meta":{"footnotes":""},"categories":[21],"tags":[],"class_list":["post-460169","post","type-post","status-publish","format-standard","hentry","category-canada"],"_links":{"self":[{"href":"https:\/\/diarioelpopular.com\/index.php\/wp-json\/wp\/v2\/posts\/460169","targetHints":{"allow":["GET"]}}],"collection":[{"href":"https:\/\/diarioelpopular.com\/index.php\/wp-json\/wp\/v2\/posts"}],"about":[{"href":"https:\/\/diarioelpopular.com\/index.php\/wp-json\/wp\/v2\/types\/post"}],"author":[{"embeddable":true,"href":"https:\/\/diarioelpopular.com\/index.php\/wp-json\/wp\/v2\/users\/5842"}],"replies":[{"embeddable":true,"href":"https:\/\/diarioelpopular.com\/index.php\/wp-json\/wp\/v2\/comments?post=460169"}],"version-history":[{"count":1,"href":"https:\/\/diarioelpopular.com\/index.php\/wp-json\/wp\/v2\/posts\/460169\/revisions"}],"predecessor-version":[{"id":460171,"href":"https:\/\/diarioelpopular.com\/index.php\/wp-json\/wp\/v2\/posts\/460169\/revisions\/460171"}],"wp:attachment":[{"href":"https:\/\/diarioelpopular.com\/index.php\/wp-json\/wp\/v2\/media?parent=460169"}],"wp:term":[{"taxonomy":"category","embeddable":true,"href":"https:\/\/diarioelpopular.com\/index.php\/wp-json\/wp\/v2\/categories?post=460169"},{"taxonomy":"post_tag","embeddable":true,"href":"https:\/\/diarioelpopular.com\/index.php\/wp-json\/wp\/v2\/tags?post=460169"}],"curies":[{"name":"wp","href":"https:\/\/api.w.org\/{rel}","templated":true}]}}