{"id":460208,"date":"2015-02-18T00:04:48","date_gmt":"2015-02-18T05:04:48","guid":{"rendered":"http:\/\/diarioelpopular.com\/?p=460208"},"modified":"2015-02-17T18:38:56","modified_gmt":"2015-02-17T23:38:56","slug":"retrasos-por-problemas-mecanicos-en-ttc-y-srt","status":"publish","type":"post","link":"https:\/\/diarioelpopular.com\/index.php\/2015\/02\/18\/retrasos-por-problemas-mecanicos-en-ttc-y-srt\/","title":{"rendered":"Retrasos por problemas mec\u00e1nicos en TTC y SRT"},"content":{"rendered":"<p>&nbsp;<\/p>\n<div id=\"attachment_460209\" style=\"width: 570px\" class=\"wp-caption aligncenter\"><a href=\"https:\/\/diarioelpopular.com\/wp-content\/uploads\/2015\/02\/foto-1-breves-18.jpg\"><img loading=\"lazy\" decoding=\"async\" aria-describedby=\"caption-attachment-460209\" class=\"size-large wp-image-460209\" src=\"https:\/\/diarioelpopular.com\/wp-content\/uploads\/2015\/02\/foto-1-breves-18-560x420.jpg\" alt=\"Trenes no operaron en la estaci\u00f3n de Bathurst de la L\u00ednea 2 (Bloor-Danforth).\" width=\"560\" height=\"420\" \/><\/a><p id=\"caption-attachment-460209\" class=\"wp-caption-text\">Trenes no operaron en la estaci\u00f3n de Bathurst de la L\u00ednea 2 (Bloor-Danforth).<\/p><\/div>\n<p><strong><em>TORONTO.-<\/em> <\/strong>Usuarios del TTC y SRT enfrentaron problemas en el transporte p\u00fablico debido a fallas mec\u00e1nicas.<\/p>\n<p>Un tren de la l\u00ednea SRT en Scarborough fue evacuada despu\u00e9s de que se detuvo a mitad del t\u00fanel, durante la hora pico de viaje de la ma\u00f1ana.<\/p>\n<p>Alrededor de 50 pasajeros fueron trasladados a lo largo de las pistas de la estaci\u00f3n de Midland a bordo de autobuses.<\/p>\n<p>Los autobuses de enlace estuvieron operando desde las estaciones SRT, desde McCowan a Kennedy.<\/p>\n<p>No hubo trenes operando la L\u00ednea 3 (SRT) debido a problemas mec\u00e1nicos.<\/p>\n<p>Los pasajeros experimentaron retrasos en ambos sentidos de McCowan a las estaciones de Kennedy. Autobuses complementaron el servicio.<\/p>\n<p>Antes de las 7:30 am, TTC hab\u00eda informado que los trenes no estaban operando.<\/p>\n<p>Mientras tanto, los trenes no estuvieron operando en la estaci\u00f3n de St. Patrick en la L\u00ednea 1 (Yonge-Universidad-Spadina) y la estaci\u00f3n de Bathurst en la L\u00ednea 2 (Bloor-Danforth) debido a inundaciones.<\/p>\n<p>La estaci\u00f3n de Lansdowne en la L\u00ednea 2, tambi\u00e9n tuvo fallas en el servicio debido a problemas mec\u00e1nicos.<\/p>\n<p>Los tranv\u00edas 501 Queen fueron desviando debido a problemas de cables a\u00e9reos en las calles Dundas y Victoria. Horas despu\u00e9s, el servicio fue reestablecido.<\/p>\n","protected":false},"excerpt":{"rendered":"<p>Usuarios del TTC y SRT enfrentaron problemas en el transporte p\u00fablico debido a fallas mec\u00e1nicas.<\/p>\n","protected":false},"author":5842,"featured_media":0,"comment_status":"open","ping_status":"open","sticky":false,"template":"","format":"standard","meta":{"footnotes":""},"categories":[21],"tags":[],"class_list":["post-460208","post","type-post","status-publish","format-standard","hentry","category-canada"],"_links":{"self":[{"href":"https:\/\/diarioelpopular.com\/index.php\/wp-json\/wp\/v2\/posts\/460208","targetHints":{"allow":["GET"]}}],"collection":[{"href":"https:\/\/diarioelpopular.com\/index.php\/wp-json\/wp\/v2\/posts"}],"about":[{"href":"https:\/\/diarioelpopular.com\/index.php\/wp-json\/wp\/v2\/types\/post"}],"author":[{"embeddable":true,"href":"https:\/\/diarioelpopular.com\/index.php\/wp-json\/wp\/v2\/users\/5842"}],"replies":[{"embeddable":true,"href":"https:\/\/diarioelpopular.com\/index.php\/wp-json\/wp\/v2\/comments?post=460208"}],"version-history":[{"count":1,"href":"https:\/\/diarioelpopular.com\/index.php\/wp-json\/wp\/v2\/posts\/460208\/revisions"}],"predecessor-version":[{"id":460210,"href":"https:\/\/diarioelpopular.com\/index.php\/wp-json\/wp\/v2\/posts\/460208\/revisions\/460210"}],"wp:attachment":[{"href":"https:\/\/diarioelpopular.com\/index.php\/wp-json\/wp\/v2\/media?parent=460208"}],"wp:term":[{"taxonomy":"category","embeddable":true,"href":"https:\/\/diarioelpopular.com\/index.php\/wp-json\/wp\/v2\/categories?post=460208"},{"taxonomy":"post_tag","embeddable":true,"href":"https:\/\/diarioelpopular.com\/index.php\/wp-json\/wp\/v2\/tags?post=460208"}],"curies":[{"name":"wp","href":"https:\/\/api.w.org\/{rel}","templated":true}]}}